{"id":10606,"date":"2020-11-20T20:35:46","date_gmt":"2020-11-20T19:35:46","guid":{"rendered":"https:\/\/www.historiazkolemwtle.cal24.pl\/Blog\/?p=10606"},"modified":"2021-01-29T20:29:05","modified_gmt":"2021-01-29T19:29:05","slug":"dna-marki-wedlug-historii-19-volvo","status":"publish","type":"post","link":"https:\/\/www.historiazkolemwtle.cal24.pl\/Blog\/2020\/11\/20\/dna-marki-wedlug-historii-19-volvo\/","title":{"rendered":"DNA marki wed\u0142ug &#8222;Historii&#8230;&#8221;, #19 &#8211; Volvo"},"content":{"rendered":"<p style=\"text-align: justify;\">Dzi\u015b Volvo to produkt chi\u0144ski &#8211; tak twierdz\u0105 &#8222;znafcy motoryzacji&#8221;. Historia szwedzkiego producenta to prawie ca\u0142y wiek. To czas wojny i pokoju, ekspansji na Europ\u0119 i Ameryk\u0119 a w ko\u0144cu r\u00f3wnie\u017c na najbardziej odleg\u0142e kraje. Pierwszy model z 1927 roku by\u0142 prawdziwym &#8222;Szwedem na ko\u0142ach&#8221;. Kolejne r\u00f3wnie\u017c wpisa\u0142y si\u0119 w ten trend tworz\u0105c &#8222;DNA&#8221; marki, kt\u00f3ra obros\u0142a legend\u0105. <strong>Volvo nie kupuje si\u0119 oczami, ale dla cech, kt\u00f3re przez lata ewoluowa\u0142y w znan\u0105 dzi\u015b posta\u0107.\u00a0<\/strong>Volvo nie musi by\u0107 pi\u0119kne. Ma pi\u0119kno wewn\u0119trzne a jakie jest jego DNA? To\u00a0 trudne pytanie.<\/p>\n<p style=\"text-align: justify;\">Stereotypy, kt\u00f3rymi otoczona jest ta marka s\u0105 tak silne, \u017ce przys\u0142aniaj\u0105\u00a0 prawdziwe cechy Volvo. \u017beby je odkry\u0107 konieczna by\u0142a podr\u00f3\u017c w czasy przedwojenne. Dzi\u0119ki temu oka\u017ce si\u0119, \u017ce Volvo to nie tylko &#8222;ceg\u0142a na ko\u0142ach&#8221; i &#8222;czo\u0142g&#8221;, kt\u00f3ry przebije ka\u017cd\u0105 \u015bcian\u0119. Chc\u0105c odkry\u0107 prawdziwe &#8222;DNA marki&#8221; wybrali\u015bmy dla Was najciekawsze modele Volvo. Dzi\u0119ki temu ujawni\u0142a si\u0119\u00a0 alternatywna historia &#8222;wielkiej ceg\u0142y&#8221;. Ta historia wci\u0105ga jak ksi\u0105\u017cka przygodowa, tak gruba jak &#8230; ceg\u0142a. To jakie jest to &#8222;DNA Volvo&#8221;? Tego dowiecie si\u0119, jak zwykle, po analizie 10 kolejnych modeli. Zaczynamy!<\/p>\n<p style=\"text-align: justify;\"><strong>Volvo OV 4 (1927)<\/strong> &#8211; \u015bredniej klasy kareta z silnikiem o mocy 28 KM. Rozp\u0119dza\u0142a si\u0119 do 90 km\/h. Przez 2 lata zmontowano 996 sztuk. Pierwszy model Volvo to pojazd elegancki, cho\u0107 kabriolet nie sprawdzi\u0142 si\u0119 w szwedzkim klimacie. Kilka miesi\u0119cy p\u00f3\u017aniej zaprezentowano karet\u0119 ze sta\u0142ym dachem. Volvo zaczyna\u0142o \u015brednio.<\/p>\n<p style=\"text-align: center;\"><strong>Volvo OV 4<\/strong><\/p>\n<p><a href=\"https:\/\/www.historiazkolemwtle.cal24.pl\/Blog\/wp-content\/uploads\/2020\/11\/volvo-ov4-0.jpg\"><img fetchpriority=\"high\" decoding=\"async\" class=\"aligncenter wp-image-10610\" src=\"https:\/\/www.historiazkolemwtle.cal24.pl\/Blog\/wp-content\/uploads\/2020\/11\/volvo-ov4-0-300x219.jpg\" alt=\"\" width=\"310\" height=\"226\" srcset=\"https:\/\/www.historiazkolemwtle.cal24.pl\/Blog\/wp-content\/uploads\/2020\/11\/volvo-ov4-0-300x219.jpg 300w, https:\/\/www.historiazkolemwtle.cal24.pl\/Blog\/wp-content\/uploads\/2020\/11\/volvo-ov4-0.jpg 500w\" sizes=\"(max-width: 310px) 100vw, 310px\" \/><\/a><\/p>\n<p style=\"text-align: center;\">\u0179r\u00f3d\u0142o: Volvo<\/p>\n<p style=\"text-align: justify;\"><strong>Volvo Venus Bilo (1933)<\/strong> &#8211; pierwszy pojazd koncepcyjny Volvo. Pierwszy streamliner, kt\u00f3ry wytyczy\u0142 drog\u0119 dla nowych konstrukcji. Mia\u0142 d\u0142ugi prz\u00f3d, kr\u00f3tkie i wysokie drzwi oraz p\u0142askie powierzchnie boczne. To z niego kopiowano kszta\u0142ty rysuj\u0105c linie nowych Volvo. Venus pozosta\u0142a w fazie prototypu. Volvo to \u015bmia\u0142e wizje i odwa\u017cne plany.<\/p>\n<p style=\"text-align: center;\"><strong>Volvo Venus Bilo<\/strong><\/p>\n<p><a href=\"https:\/\/www.historiazkolemwtle.cal24.pl\/Blog\/wp-content\/uploads\/2020\/11\/unnamed-9.jpg\"><img decoding=\"async\" class=\"aligncenter wp-image-10611\" src=\"https:\/\/www.historiazkolemwtle.cal24.pl\/Blog\/wp-content\/uploads\/2020\/11\/unnamed-9-300x176.jpg\" alt=\"\" width=\"310\" height=\"182\" srcset=\"https:\/\/www.historiazkolemwtle.cal24.pl\/Blog\/wp-content\/uploads\/2020\/11\/unnamed-9-300x176.jpg 300w, https:\/\/www.historiazkolemwtle.cal24.pl\/Blog\/wp-content\/uploads\/2020\/11\/unnamed-9.jpg 500w\" sizes=\"(max-width: 310px) 100vw, 310px\" \/><\/a><\/p>\n<p style=\"text-align: center;\">\u0179r\u00f3d\u0142o: ipernity.com<\/p>\n<p style=\"text-align: justify;\"><strong>Volvo TPV (1944)<\/strong> &#8211; pierwsza teren\u00f3wka tej klasy o nadwoziu przypominaj\u0105cym limuzyn\u0119. Cho\u0107 przeznaczone dla wojska, zapewnia komfort wi\u0119kszy ni\u017c w Willysie. Gotowe do jazdy wa\u017cy\u0142o 2,3 tony co by\u0142o wyzwaniem dla 85-konnego silnika. TPV to przodek dzisiejszego SUV-a. Volvo to nie tylko limuzyny i kombi. To ciekawe konstrukcje.<\/p>\n<p style=\"text-align: center;\"><strong>Volvo TPV<\/strong><\/p>\n<p><a href=\"https:\/\/www.historiazkolemwtle.cal24.pl\/Blog\/wp-content\/uploads\/2020\/11\/6809533912_28cbfcc653_o.jpg\"><img decoding=\"async\" class=\"aligncenter wp-image-10612\" src=\"https:\/\/www.historiazkolemwtle.cal24.pl\/Blog\/wp-content\/uploads\/2020\/11\/6809533912_28cbfcc653_o-300x191.jpg\" alt=\"\" width=\"315\" height=\"201\" srcset=\"https:\/\/www.historiazkolemwtle.cal24.pl\/Blog\/wp-content\/uploads\/2020\/11\/6809533912_28cbfcc653_o-300x191.jpg 300w, https:\/\/www.historiazkolemwtle.cal24.pl\/Blog\/wp-content\/uploads\/2020\/11\/6809533912_28cbfcc653_o.jpg 749w\" sizes=\"(max-width: 315px) 100vw, 315px\" \/><\/a><\/p>\n<p style=\"text-align: center;\">\u0179r\u00f3d\u0142o: Volvo<\/p>\n<p style=\"text-align: justify;\"><strong>Volvo\u00a0 PV 444 (1947)<\/strong> &#8211; 4 cylindry, 40 KM i 4 osoby, w\u0142a\u015bnie to oznacza ten\u00a0 skr\u00f3t.\u00a0 &#8222;PV&#8221;\u00a0 to po prostu samoch\u00f3d osobowy. Pod samono\u015bnym nadwoziem ukryto mechanizmy z ko\u0144ca lat 30-tych, ale wraz z rozwojem konstrukcja otrzyma\u0142a\u00a0 wiele &#8222;nowo\u015bci&#8221;. Na rok przed ko\u0144cem produkcji\u00a0 otrzyma\u0142 pasy bezpiecze\u0144stwa (1957 rok). Volvo to bezpiecze\u0144stwo.<\/p>\n<p style=\"text-align: center;\"><strong>Volvo PV 444<\/strong><\/p>\n<p><a href=\"https:\/\/www.historiazkolemwtle.cal24.pl\/Blog\/wp-content\/uploads\/2020\/11\/FGektkuTURBXy9kNGM2OWYyYi1iZGMyLTRiNjgtODhmOS1iMmU5ZDgzZjYxZmQuanBlZ5GTBc0EsM0CdA.jpeg\"><img loading=\"lazy\" decoding=\"async\" class=\"wp-image-10613 aligncenter\" src=\"https:\/\/www.historiazkolemwtle.cal24.pl\/Blog\/wp-content\/uploads\/2020\/11\/FGektkuTURBXy9kNGM2OWYyYi1iZGMyLTRiNjgtODhmOS1iMmU5ZDgzZjYxZmQuanBlZ5GTBc0EsM0CdA-300x157.jpeg\" alt=\"\" width=\"315\" height=\"165\" srcset=\"https:\/\/www.historiazkolemwtle.cal24.pl\/Blog\/wp-content\/uploads\/2020\/11\/FGektkuTURBXy9kNGM2OWYyYi1iZGMyLTRiNjgtODhmOS1iMmU5ZDgzZjYxZmQuanBlZ5GTBc0EsM0CdA-300x157.jpeg 300w, https:\/\/www.historiazkolemwtle.cal24.pl\/Blog\/wp-content\/uploads\/2020\/11\/FGektkuTURBXy9kNGM2OWYyYi1iZGMyLTRiNjgtODhmOS1iMmU5ZDgzZjYxZmQuanBlZ5GTBc0EsM0CdA-1024x536.jpeg 1024w, https:\/\/www.historiazkolemwtle.cal24.pl\/Blog\/wp-content\/uploads\/2020\/11\/FGektkuTURBXy9kNGM2OWYyYi1iZGMyLTRiNjgtODhmOS1iMmU5ZDgzZjYxZmQuanBlZ5GTBc0EsM0CdA-768x402.jpeg 768w, https:\/\/www.historiazkolemwtle.cal24.pl\/Blog\/wp-content\/uploads\/2020\/11\/FGektkuTURBXy9kNGM2OWYyYi1iZGMyLTRiNjgtODhmOS1iMmU5ZDgzZjYxZmQuanBlZ5GTBc0EsM0CdA-1170x612.jpeg 1170w, https:\/\/www.historiazkolemwtle.cal24.pl\/Blog\/wp-content\/uploads\/2020\/11\/FGektkuTURBXy9kNGM2OWYyYi1iZGMyLTRiNjgtODhmOS1iMmU5ZDgzZjYxZmQuanBlZ5GTBc0EsM0CdA.jpeg 1200w\" sizes=\"(max-width: 315px) 100vw, 315px\" \/><\/a><\/p>\n<p style=\"text-align: center;\">\u0179r\u00f3d\u0142o: Dziennik.pl<\/p>\n<p style=\"text-align: justify;\"><strong>Volvo Amazon (1957)<\/strong> &#8211; nast\u0119pca serii PV, kt\u00f3ra mia\u0142a wtedy ju\u017c 20 lat. To typowy &#8222;\u015bredniak&#8221;, ale o nowoczesnym kszta\u0142cie i solidnych silnikach. Tym modelem Volvo zdobywa\u0142o \u015bwiat. To w nim pojawi\u0142o si\u0119 wiele autorskich rozwi\u0105za\u0144 Volvo, kt\u00f3re wp\u0142yn\u0119\u0142y na bezpiecze\u0144stwo jazdy. Volvo to bezpieczny i solidny samoch\u00f3d.<\/p>\n<p style=\"text-align: center;\"><strong>Volvo Amazon<\/strong><\/p>\n<p><a href=\"https:\/\/www.historiazkolemwtle.cal24.pl\/Blog\/wp-content\/uploads\/2020\/11\/f0ff9578-481c-11e6-9d2a-9c7923d68fc8.jpg\"><img loading=\"lazy\" decoding=\"async\" class=\"aligncenter wp-image-10614 size-medium\" src=\"https:\/\/www.historiazkolemwtle.cal24.pl\/Blog\/wp-content\/uploads\/2020\/11\/f0ff9578-481c-11e6-9d2a-9c7923d68fc8-300x225.jpg\" alt=\"\" width=\"300\" height=\"225\" srcset=\"https:\/\/www.historiazkolemwtle.cal24.pl\/Blog\/wp-content\/uploads\/2020\/11\/f0ff9578-481c-11e6-9d2a-9c7923d68fc8-300x225.jpg 300w, https:\/\/www.historiazkolemwtle.cal24.pl\/Blog\/wp-content\/uploads\/2020\/11\/f0ff9578-481c-11e6-9d2a-9c7923d68fc8.jpg 700w\" sizes=\"(max-width: 300px) 100vw, 300px\" \/><\/a><\/p>\n<p style=\"text-align: center;\">\u0179r\u00f3d\u0142o: Catawiki<\/p>\n<p style=\"text-align: justify;\"><strong>Volvo P1800 (1961)<\/strong> \u2014 \u015bwi\u0119te Volvo. Sportowy samoch\u00f3d, kt\u00f3ry przejedzie 5 mln 150 tysi\u0119cy km. Odwa\u017cny projekt na tle serii PV i Amazona. Silnik o mocy 100 KM nie by\u0142 najmocniejszy w klasie, ale Volvo mia\u0142o wszystkie zalety samochodu dla m\u0142odych duchem. Volvo to \u015bwi\u0119ty duch sportu i solidno\u015bci.<\/p>\n<p style=\"text-align: center;\"><strong>Volvo P1800<\/strong><\/p>\n<p><a href=\"https:\/\/www.historiazkolemwtle.cal24.pl\/Blog\/wp-content\/uploads\/2020\/11\/carpixel.net-1960-volvo-p1800-31763-hd.jpg\"><img loading=\"lazy\" decoding=\"async\" class=\"aligncenter wp-image-10615\" src=\"https:\/\/www.historiazkolemwtle.cal24.pl\/Blog\/wp-content\/uploads\/2020\/11\/carpixel.net-1960-volvo-p1800-31763-hd-300x169.jpg\" alt=\"\" width=\"325\" height=\"183\" srcset=\"https:\/\/www.historiazkolemwtle.cal24.pl\/Blog\/wp-content\/uploads\/2020\/11\/carpixel.net-1960-volvo-p1800-31763-hd-300x169.jpg 300w, https:\/\/www.historiazkolemwtle.cal24.pl\/Blog\/wp-content\/uploads\/2020\/11\/carpixel.net-1960-volvo-p1800-31763-hd-1024x576.jpg 1024w, https:\/\/www.historiazkolemwtle.cal24.pl\/Blog\/wp-content\/uploads\/2020\/11\/carpixel.net-1960-volvo-p1800-31763-hd-768x432.jpg 768w, https:\/\/www.historiazkolemwtle.cal24.pl\/Blog\/wp-content\/uploads\/2020\/11\/carpixel.net-1960-volvo-p1800-31763-hd-1536x864.jpg 1536w, https:\/\/www.historiazkolemwtle.cal24.pl\/Blog\/wp-content\/uploads\/2020\/11\/carpixel.net-1960-volvo-p1800-31763-hd-1170x658.jpg 1170w, https:\/\/www.historiazkolemwtle.cal24.pl\/Blog\/wp-content\/uploads\/2020\/11\/carpixel.net-1960-volvo-p1800-31763-hd.jpg 1920w\" sizes=\"(max-width: 325px) 100vw, 325px\" \/><\/a><\/p>\n<p style=\"text-align: center;\">\u0179r\u00f3d\u0142o: carpixel.pl<\/p>\n<p style=\"text-align: justify;\"><strong>Volvo 740 (1984)<\/strong> &#8211; ceg\u0142a, kt\u00f3ra dr\u0105\u017cy ska\u0142\u0119. Wzornictwo spod ekierki po\u0142\u0105czone z najwy\u017cszym poziomem bezpiecze\u0144stwa. Ma kontrolk\u0119 niezapi\u0119tego pasa i diesla od VW. Inni tego jeszcze nie maj\u0105. Ma r\u00f3wnie\u017c wersj\u0119 kombi o najwi\u0119kszym baga\u017cniku w klasie. Nap\u0119d nadal na ty\u0142. Volvo to synonim bezpiecze\u0144stwa i wz\u00f3r do na\u015bladowania.<\/p>\n<p style=\"text-align: center;\"><strong>Volvo 740<\/strong><\/p>\n<p><a href=\"https:\/\/www.historiazkolemwtle.cal24.pl\/Blog\/wp-content\/uploads\/2020\/11\/3894b71a1a11f23cdcd3a5c655f98f9b.jpg\"><img loading=\"lazy\" decoding=\"async\" class=\"aligncenter wp-image-10616\" src=\"https:\/\/www.historiazkolemwtle.cal24.pl\/Blog\/wp-content\/uploads\/2020\/11\/3894b71a1a11f23cdcd3a5c655f98f9b-300x208.jpg\" alt=\"\" width=\"315\" height=\"218\" srcset=\"https:\/\/www.historiazkolemwtle.cal24.pl\/Blog\/wp-content\/uploads\/2020\/11\/3894b71a1a11f23cdcd3a5c655f98f9b-300x208.jpg 300w, https:\/\/www.historiazkolemwtle.cal24.pl\/Blog\/wp-content\/uploads\/2020\/11\/3894b71a1a11f23cdcd3a5c655f98f9b.jpg 520w\" sizes=\"(max-width: 315px) 100vw, 315px\" \/><\/a><\/p>\n<p style=\"text-align: center;\">\u0179r\u00f3d\u0142o: Moto.pl<\/p>\n<p style=\"text-align: justify;\"><strong>Volvo 480 (1986)<\/strong>\u00a0 &#8211; wreszcie Volvo\u00a0 dla &#8222;m\u0142odych duchem&#8221;. Modne otwierane reflektory,\u00a0 praktyczne nadwozie i d\u0142ugie drzwi. To pierwsze Volvo, kt\u00f3re mo\u017ce konkurowa\u0107 z &#8230; Hond\u0105 Civic. Ma w sobie du\u017co Renault, ale na szcz\u0119\u015bcie jest w nim tyle Volvo, \u017ce nie trzeba obawia\u0107 si\u0119 awarii elektroniki. Volvo to nie tylko &#8222;samoch\u00f3d tatu\u015bka&#8221;.<\/p>\n<p style=\"text-align: center;\"><strong>Volvo 480<\/strong><\/p>\n<p><a href=\"https:\/\/www.historiazkolemwtle.cal24.pl\/Blog\/wp-content\/uploads\/2020\/11\/unnamed-10.jpg\"><img loading=\"lazy\" decoding=\"async\" class=\"size-medium wp-image-10617 aligncenter\" src=\"https:\/\/www.historiazkolemwtle.cal24.pl\/Blog\/wp-content\/uploads\/2020\/11\/unnamed-10-300x226.jpg\" alt=\"\" width=\"300\" height=\"226\" srcset=\"https:\/\/www.historiazkolemwtle.cal24.pl\/Blog\/wp-content\/uploads\/2020\/11\/unnamed-10-300x226.jpg 300w, https:\/\/www.historiazkolemwtle.cal24.pl\/Blog\/wp-content\/uploads\/2020\/11\/unnamed-10.jpg 512w\" sizes=\"(max-width: 300px) 100vw, 300px\" \/><\/a><\/p>\n<p style=\"text-align: center;\">\u0179r\u00f3d\u0142o: polskajazda.pl<\/p>\n<p style=\"text-align: justify;\"><strong>Volvo 850 T5R Estate (1993)<\/strong> &#8211; najszybsze Volvo swoich czas\u00f3w. Dlaczego w kombi? Ma lepiej doci\u0105\u017cony ty\u0142 i lepiej pokonuje zakr\u0119ty. Gdzie? Na przyk\u0142ad podczas mistrzostw samochod\u00f3w turystycznych. To r\u00f3wnie\u017c mocne 5 cylindr\u00f3w i osi\u0105gi por\u00f3wnywalne z Audi RS i BMW M. Volvo to najszybsze kanty \u015bwiata.<\/p>\n<p style=\"text-align: center;\"><strong>Volvo 850 T5R w jedynie s\u0142usznym nadwoziu<\/strong><\/p>\n<p><a href=\"https:\/\/www.historiazkolemwtle.cal24.pl\/Blog\/wp-content\/uploads\/2020\/11\/0005K50AQKPSUUTL-C125-F4.jpg\"><img loading=\"lazy\" decoding=\"async\" class=\"wp-image-10618 aligncenter\" src=\"https:\/\/www.historiazkolemwtle.cal24.pl\/Blog\/wp-content\/uploads\/2020\/11\/0005K50AQKPSUUTL-C125-F4-300x207.jpg\" alt=\"\" width=\"310\" height=\"214\" srcset=\"https:\/\/www.historiazkolemwtle.cal24.pl\/Blog\/wp-content\/uploads\/2020\/11\/0005K50AQKPSUUTL-C125-F4-300x207.jpg 300w, https:\/\/www.historiazkolemwtle.cal24.pl\/Blog\/wp-content\/uploads\/2020\/11\/0005K50AQKPSUUTL-C125-F4-1024x705.jpg 1024w, https:\/\/www.historiazkolemwtle.cal24.pl\/Blog\/wp-content\/uploads\/2020\/11\/0005K50AQKPSUUTL-C125-F4-768x529.jpg 768w, https:\/\/www.historiazkolemwtle.cal24.pl\/Blog\/wp-content\/uploads\/2020\/11\/0005K50AQKPSUUTL-C125-F4-1170x806.jpg 1170w, https:\/\/www.historiazkolemwtle.cal24.pl\/Blog\/wp-content\/uploads\/2020\/11\/0005K50AQKPSUUTL-C125-F4.jpg 1250w\" sizes=\"(max-width: 310px) 100vw, 310px\" \/><\/a><\/p>\n<p style=\"text-align: center;\">\u0179r\u00f3d\u0142o: topgear.nl<\/p>\n<p style=\"text-align: justify;\"><strong>Volvo S80 (1998)<\/strong> &#8211; nowe Volvo na nowe czasy. Ma przedni nap\u0119d i ob\u0142e kszta\u0142ty. Nie ma ju\u017c wielkiego kombi, ale jest za to mocne T6. Du\u017co nowo\u015bci, ale obok nich sprawdzony silnik 2.4 o mocy 140 KM &#8211; najlepszy do instalacji &#8222;podtlenku butanu&#8221;. Tym samym zako\u0144czy\u0142a si\u0119 wa\u017cna cz\u0119\u015b\u0107\u00a0 historii Volvo. Nawet Volvo musi si\u0119 zmienia\u0107.<\/p>\n<p style=\"text-align: center;\"><strong>Volvo\u00a0 S80<\/strong><\/p>\n<p><a href=\"https:\/\/www.historiazkolemwtle.cal24.pl\/Blog\/wp-content\/uploads\/2020\/11\/volvo-s80.jpg\"><img loading=\"lazy\" decoding=\"async\" class=\"aligncenter wp-image-10620\" src=\"https:\/\/www.historiazkolemwtle.cal24.pl\/Blog\/wp-content\/uploads\/2020\/11\/volvo-s80-300x225.jpg\" alt=\"\" width=\"310\" height=\"233\" srcset=\"https:\/\/www.historiazkolemwtle.cal24.pl\/Blog\/wp-content\/uploads\/2020\/11\/volvo-s80-300x225.jpg 300w, https:\/\/www.historiazkolemwtle.cal24.pl\/Blog\/wp-content\/uploads\/2020\/11\/volvo-s80.jpg 640w\" sizes=\"(max-width: 310px) 100vw, 310px\" \/><\/a><\/p>\n<p style=\"text-align: center;\">\u0179r\u00f3d\u0142o: Volvo<\/p>\n<p style=\"text-align: justify;\">Volvo jest nudne? Nie, to zbi\u00f3r ciekawych cech u nieciekawego &#8222;DNA marki&#8221;. Volvo chcia\u0142o by\u0107 solidne i bezpieczne, ale to nie oznacza nudy. Volvo to &#8222;samoch\u00f3d dla tatu\u015bka&#8221;, ale takiego,\u00a0 kt\u00f3ry &#8222;lubi depn\u0105\u0107&#8221;. Volvo jest r\u00f3wnie\u017c dla m\u0142odego kierowcy, kt\u00f3ry chce mie\u0107 &#8222;co\u015b&#8221; oryginalnego. Volvo to \u015bmia\u0142a forma i wynalazki. Volvo to kreatywno\u015b\u0107, kt\u00f3r\u0105 nie ka\u017cdy zauwa\u017cy. Volvo to r\u00f3wnie\u017c nietypowa my\u015bl techniczna, ale r\u00f3wnie\u017c wykorzystanie w pe\u0142ni swoich atut\u00f3w. Volvo my\u015bli o przysz\u0142o\u015bci. Volvo chroni siebie i swoich pasa\u017cer\u00f3w. Volvo nic nie musi, ale chce. To typ, kt\u00f3ry ma sw\u00f3j styl.<\/p>\n<p style=\"text-align: justify;\">Volvo jest \u015bwi\u0119te tak, jak &#8222;\u015awi\u0119tym&#8221; by\u0142 Roger Moore. Czy jest &#8222;premium&#8221;? Volvo samo z siebie stanowi oddzieln\u0105 kategori\u0119 &#8222;premium&#8221;. To takie &#8222;premium&#8221;, kt\u00f3re nie musi rywalizowa\u0107 z nikim aby by\u0107 zauwa\u017cone. W DNA Volvo nie ma rywalizacji. Jej nie musi by\u0107. Volvo zmienia si\u0119 dla siebie a nie pod &#8222;kogo\u015b&#8221;. Volvo to filantrop &#8211; nie zarabia na patencie pas\u00f3w bezpiecze\u0144stwa. To szale\u0144stwo &#8211; jak inaczej nazwa\u0107 produkcj\u0119 kabriolet\u00f3w w kraju, gdzie trudno o wysokie temperatury. Volvo jest tak samo sportowe jak i rodzinne, pi\u0119kne jak i neutralne dla oka. Je\u017celi jest &#8222;kantem&#8221; to jest &#8222;najszybszym kantem&#8221;.<\/p>\n<p style=\"text-align: justify;\">DNA Volvo to rodzina i dba\u0142o\u015b\u0107 o jej bezpiecze\u0144stwo. Te dwa filary s\u0105 niezmienne.\u00a0 Reszta to dodatki, kt\u00f3re czyni\u0105 t\u0119 mark\u0119 wyj\u0105tkow\u0105. Jest nieoczywista jak ludzie, kt\u00f3rzy j\u0105 tworz\u0105 i cho\u0107 za kotar\u0105 na targach kryj\u0105 si\u0119 Chi\u0144czycy to jej nie zmieni\u0105\u00a0 bo\u00a0 Volvo nie mo\u017cna zmienia\u0107. Nie warto.<\/p>\n","protected":false},"excerpt":{"rendered":"<p>Dzi\u015b Volvo to produkt chi\u0144ski &#8211; tak twierdz\u0105 &#8222;znafcy motoryzacji&#8221;. Historia szwedzkiego producenta to prawie ca\u0142y wiek. To czas wojny i pokoju, ekspansji na Europ\u0119 i Ameryk\u0119 a w ko\u0144cu r\u00f3wnie\u017c na najbardziej odleg\u0142e kraje. Pierwszy model z 1927 roku by\u0142 prawdziwym &#8222;Szwedem na ko\u0142ach&#8221;. Kolejne r\u00f3wnie\u017c wpisa\u0142y si\u0119 w ten trend tworz\u0105c &#8222;DNA&#8221; marki,\u2026 <span class=\"read-more\"><a href=\"https:\/\/www.historiazkolemwtle.cal24.pl\/Blog\/2020\/11\/20\/dna-marki-wedlug-historii-19-volvo\/\">Dowiedz si\u0119 wi\u0119cej &raquo;<\/a><\/span><\/p>\n","protected":false},"author":1,"featured_media":10622,"comment_status":"open","ping_status":"closed","sticky":false,"template":"","format":"standard","meta":{"footnotes":""},"categories":[1792],"tags":[2290,1342,2291,783,2292],"class_list":["post-10606","post","type-post","status-publish","format-standard","has-post-thumbnail","hentry","category-dna","tag-dna-volvo","tag-volvo-480","tag-volvo-amazon","tag-volvo-p1800","tag-volvo-venus-bilo"],"rttpg_featured_image_url":{"full":["https:\/\/www.historiazkolemwtle.cal24.pl\/Blog\/wp-content\/uploads\/2020\/11\/unnamed-11.jpg",320,240,false],"landscape":["https:\/\/www.historiazkolemwtle.cal24.pl\/Blog\/wp-content\/uploads\/2020\/11\/unnamed-11.jpg",320,240,false],"portraits":["https:\/\/www.historiazkolemwtle.cal24.pl\/Blog\/wp-content\/uploads\/2020\/11\/unnamed-11.jpg",320,240,false],"thumbnail":["https:\/\/www.historiazkolemwtle.cal24.pl\/Blog\/wp-content\/uploads\/2020\/11\/unnamed-11-150x150.jpg",150,150,true],"medium":["https:\/\/www.historiazkolemwtle.cal24.pl\/Blog\/wp-content\/uploads\/2020\/11\/unnamed-11-300x225.jpg",300,225,true],"large":["https:\/\/www.historiazkolemwtle.cal24.pl\/Blog\/wp-content\/uploads\/2020\/11\/unnamed-11.jpg",320,240,false],"1536x1536":["https:\/\/www.historiazkolemwtle.cal24.pl\/Blog\/wp-content\/uploads\/2020\/11\/unnamed-11.jpg",320,240,false],"2048x2048":["https:\/\/www.historiazkolemwtle.cal24.pl\/Blog\/wp-content\/uploads\/2020\/11\/unnamed-11.jpg",320,240,false],"post-thumbnail":["https:\/\/www.historiazkolemwtle.cal24.pl\/Blog\/wp-content\/uploads\/2020\/11\/unnamed-11.jpg",320,240,false],"excerpt-thumbnail":["https:\/\/www.historiazkolemwtle.cal24.pl\/Blog\/wp-content\/uploads\/2020\/11\/unnamed-11.jpg",187,140,false],"excerpt-thumbnail-mobile":["https:\/\/www.historiazkolemwtle.cal24.pl\/Blog\/wp-content\/uploads\/2020\/11\/unnamed-11.jpg",267,200,false]},"rttpg_author":{"display_name":"Zbigniew Kluczkowski","author_link":"https:\/\/www.historiazkolemwtle.cal24.pl\/Blog\/author\/admin\/"},"rttpg_comment":0,"rttpg_category":"<a href=\"https:\/\/www.historiazkolemwtle.cal24.pl\/Blog\/category\/dna\/\" rel=\"category tag\">DNA marki<\/a>","rttpg_excerpt":"Dzi\u015b Volvo to produkt chi\u0144ski &#8211; tak twierdz\u0105 &#8222;znafcy motoryzacji&#8221;. Historia szwedzkiego producenta to prawie ca\u0142y wiek. To czas wojny i pokoju, ekspansji na Europ\u0119 i Ameryk\u0119 a w ko\u0144cu r\u00f3wnie\u017c na najbardziej odleg\u0142e kraje. Pierwszy model z 1927 roku by\u0142 prawdziwym &#8222;Szwedem na ko\u0142ach&#8221;. Kolejne r\u00f3wnie\u017c wpisa\u0142y si\u0119 w ten trend tworz\u0105c &#8222;DNA&#8221; marki,\u2026&hellip;","_links":{"self":[{"href":"https:\/\/www.historiazkolemwtle.cal24.pl\/Blog\/wp-json\/wp\/v2\/posts\/10606","targetHints":{"allow":["GET"]}}],"collection":[{"href":"https:\/\/www.historiazkolemwtle.cal24.pl\/Blog\/wp-json\/wp\/v2\/posts"}],"about":[{"href":"https:\/\/www.historiazkolemwtle.cal24.pl\/Blog\/wp-json\/wp\/v2\/types\/post"}],"author":[{"embeddable":true,"href":"https:\/\/www.historiazkolemwtle.cal24.pl\/Blog\/wp-json\/wp\/v2\/users\/1"}],"replies":[{"embeddable":true,"href":"https:\/\/www.historiazkolemwtle.cal24.pl\/Blog\/wp-json\/wp\/v2\/comments?post=10606"}],"version-history":[{"count":9,"href":"https:\/\/www.historiazkolemwtle.cal24.pl\/Blog\/wp-json\/wp\/v2\/posts\/10606\/revisions"}],"predecessor-version":[{"id":10943,"href":"https:\/\/www.historiazkolemwtle.cal24.pl\/Blog\/wp-json\/wp\/v2\/posts\/10606\/revisions\/10943"}],"wp:featuredmedia":[{"embeddable":true,"href":"https:\/\/www.historiazkolemwtle.cal24.pl\/Blog\/wp-json\/wp\/v2\/media\/10622"}],"wp:attachment":[{"href":"https:\/\/www.historiazkolemwtle.cal24.pl\/Blog\/wp-json\/wp\/v2\/media?parent=10606"}],"wp:term":[{"taxonomy":"category","embeddable":true,"href":"https:\/\/www.historiazkolemwtle.cal24.pl\/Blog\/wp-json\/wp\/v2\/categories?post=10606"},{"taxonomy":"post_tag","embeddable":true,"href":"https:\/\/www.historiazkolemwtle.cal24.pl\/Blog\/wp-json\/wp\/v2\/tags?post=10606"}],"curies":[{"name":"wp","href":"https:\/\/api.w.org\/{rel}","templated":true}]}}