{"id":11230,"date":"2021-03-19T22:26:57","date_gmt":"2021-03-19T21:26:57","guid":{"rendered":"https:\/\/www.historiazkolemwtle.cal24.pl\/Blog\/?p=11230"},"modified":"2021-03-19T22:26:57","modified_gmt":"2021-03-19T21:26:57","slug":"zamaskowany-ninja-w-matizie","status":"publish","type":"post","link":"https:\/\/www.historiazkolemwtle.cal24.pl\/Blog\/2021\/03\/19\/zamaskowany-ninja-w-matizie\/","title":{"rendered":"Zamaskowany ninja w Matizie"},"content":{"rendered":"<p style=\"text-align: justify;\">Kolejne &#8222;jeszcze dwa tygodnie&#8221; to czas, kiedy po raz kolejny jeste\u015bmy skazani na tzw. &#8222;re\u017cim sanitarny&#8221;. Wraz z kolejn\u0105 &#8222;fal\u0105&#8221; znowu pojawia si\u0119 problem kierowc\u00f3w. W zasadzie nie ma go, ale jest sztucznie wytworzony przez osoby, kt\u00f3re uchwalaj\u0105 kolejne g\u0142upie przepisy. Dlaczego g\u0142upie? Podobno w samochodzie powinno si\u0119 je\u017adzi\u0107 w maseczce? Czy to konieczne? Czy to skuteczne? Czy to bezpieczne? Na te pytania postaram si\u0119 odpowiedzie\u0107 w tym tek\u015bcie. Zacznijmy od zakresu obowi\u0105zywania przepis\u00f3w. Gdzie go znale\u017a\u0107? Czy istnieje?<\/p>\n<p style=\"text-align: justify;\">Niezale\u017cnie od tego czy s\u0105 zgodne z Konstytucj\u0105 czy nie, warto przyjrze\u0107 si\u0119 zasadno\u015bci zakrywania twarzy w pojazdach. Powszechnie uwa\u017ca si\u0119, \u017ce wn\u0119trze pojazdu nie jest przestrzeni\u0105 publiczn\u0105. To, co dzieje si\u0119 wewn\u0105trz samochodu pozostaje w samochodzie. Czy wobec tego &#8222;kto\u015b&#8221; mo\u017ce nam nakaza\u0107 &#8222;czego\u015b&#8221;, co powinni\u015bmy robi\u0107 w samochodzie? W samochodzie mo\u017cemy je\u015b\u0107 i nikt nam tego nie zabroni. Nie mo\u017cemy korzysta\u0107 z telefonu, ale to jeszcze mo\u017cna zrozumie\u0107. To zachowanie ma wp\u0142yw na bezpiecze\u0144stwo. Czy musimy nosi\u0107 maski podczas jazdy?<\/p>\n<p style=\"text-align: justify;\">Maska ogranicza pole widzenia a pole widzenia to bezpiecze\u0144stwo. Im wi\u0119ksza maska tym wi\u0119kszy &#8222;Zorro&#8221; a ten nie powinien prowadzi\u0107. Jego k\u0105ty widzenia b\u0119d\u0105 w\u0105skie a w\u0105ski k\u0105t widzenia to pewny &#8222;dzwon&#8221;. Taki k\u0105t b\u0119dzie w\u0105ski w Rollsie i w Matizie. Tutaj nie ma r\u00f3\u017cnicy. Sk\u0105d &#8222;Ninja w Matizie&#8221;? Im wi\u0119ksza maska tym wi\u0119ksza &#8222;wiocha&#8221;, w po\u0142\u0105czeniu z Matizem to &#8222;wiocha do kwadratu&#8221;. Powa\u017cnie? Trudno m\u00f3wi\u0107 powa\u017cnie o &#8222;czym\u015b&#8221;, co nie ma wp\u0142ywu na bezpiecze\u0144stwo zdrowotne podczas pandemii. Dlaczego? \u017badna maska nie chroni przed wirusem.<\/p>\n<p style=\"text-align: center;\"><strong>Bezpiecze\u0144stwo czy \u017cenada roku?<\/strong><\/p>\n<p style=\"text-align: center;\"><a href=\"https:\/\/www.historiazkolemwtle.cal24.pl\/Blog\/wp-content\/uploads\/2021\/03\/Antywirusowe-ABC-u-Ubera-Maska-dla-kierowcy-i-pasazera-fot.-GETTY-IMAGES.-0.jpg\"><img fetchpriority=\"high\" decoding=\"async\" class=\"aligncenter wp-image-11234\" src=\"https:\/\/www.historiazkolemwtle.cal24.pl\/Blog\/wp-content\/uploads\/2021\/03\/Antywirusowe-ABC-u-Ubera-Maska-dla-kierowcy-i-pasazera-fot.-GETTY-IMAGES.-0-300x200.jpg\" alt=\"\" width=\"315\" height=\"210\" srcset=\"https:\/\/www.historiazkolemwtle.cal24.pl\/Blog\/wp-content\/uploads\/2021\/03\/Antywirusowe-ABC-u-Ubera-Maska-dla-kierowcy-i-pasazera-fot.-GETTY-IMAGES.-0-300x200.jpg 300w, https:\/\/www.historiazkolemwtle.cal24.pl\/Blog\/wp-content\/uploads\/2021\/03\/Antywirusowe-ABC-u-Ubera-Maska-dla-kierowcy-i-pasazera-fot.-GETTY-IMAGES.-0-768x512.jpg 768w, https:\/\/www.historiazkolemwtle.cal24.pl\/Blog\/wp-content\/uploads\/2021\/03\/Antywirusowe-ABC-u-Ubera-Maska-dla-kierowcy-i-pasazera-fot.-GETTY-IMAGES.-0.jpg 900w\" sizes=\"(max-width: 315px) 100vw, 315px\" \/><\/a>\u0179r\u00f3d\u0142o: freepik<\/p>\n<p style=\"text-align: justify;\">\u017beby by\u0107 w pe\u0142ni odpornym na dzia\u0142anie wirusa w samochodzie to nale\u017cy ubra\u0107 si\u0119 w kombinezon &#8211; dok\u0142adnie taki, w jaki wyposa\u017cone s\u0105 za\u0142ogi &#8222;karetek covidowych&#8221;. Nawet ten nie chroni ca\u0142y czas a jego zastosowanie ma raczej wymiar psychologiczny &#8211; podobno wirus przenika przez ka\u017cde ubranie. Czy przenika przez karoseri\u0119? Tak. Ta nie jest szczelna. Jest bezszczelna &#8211; cz\u0119sto nie chroni przed warunkami atmosferycznymi (patrz: szyba w drzwiach bezramkowych) a co dopiero przed &#8222;czym\u015b&#8221;, co jest widoczne przez mikroskop.<\/p>\n<p style=\"text-align: justify;\">Tak, Matiz jest ma\u0142y, ale wirus jest jeszcze mniejszy. Widok kierowcy jad\u0105cego w masce jest &#8230; dziwny. To sytuacja niebezpieczna dla innych bardziej ni\u017c zagro\u017cenie epidemiczne. Ograniczony ruch to op\u00f3\u017aniona reakcja. Ci\u0105g\u0142e przebywanie w masce to r\u00f3wnie\u017c hodowla kolejnych zarazk\u00f3w. Wszystko to w imi\u0119 &#8222;bezpiecze\u0144stwa&#8221;. Bezpiecze\u0144stwo to &#8222;s\u0142owo-wytrych&#8221;. W ostatnich latach wiele r\u00f3\u017cnych zakaz\u00f3w i nakaz\u00f3w t\u0142umaczy si\u0119 &#8222;bezpiecze\u0144stwem&#8221;, jego zagro\u017ceniem albo d\u0105\u017ceniem do zapewnienia najlepszego bezpiecze\u0144stwa. Dzwonili\u015bcie kiedy\u015b na infolini\u0119?<\/p>\n<p style=\"text-align: justify;\">Tam dla bezpiecze\u0144stwa nagrywa si\u0119 rozmowy. O czyje bezpiecze\u0144stwo troszczy si\u0119 w\u0142a\u015bciciel infolinii? Oczywi\u015bcie o swoje. Trudno oczekiwa\u0107 od niego, \u017ce zadba o to aby dzia\u0142a\u0107 na nasz\u0105 korzy\u015b\u0107. Podobnie jest z maskami za kierownic\u0105? To bardziej &#8222;skok na kas\u0119&#8221; ni\u017c troska o kierowc\u00f3w. Z pewno\u015bci\u0105 maska nie b\u0119dzie lepsz\u0105 ochron\u0105 ni\u017c filtr kabinowy. Ten ma o wiele wi\u0119ksz\u0105 skuteczno\u015b\u0107 ni\u017c &#8222;szmatka&#8221; &#8211; jednorazowy tw\u00f3r marketingu. Fakt, s\u0105 u\u017cywane w szpitalach, ale chroni\u0105 g\u0142\u00f3wnie pacjent\u00f3w od chor\u00f3b przenoszonych przez personel medyczny.<\/p>\n<p style=\"text-align: justify;\">Tak, dobrze przeczytali\u015bcie. To w\u0142a\u015bnie g\u0142\u00f3wny cel stosowania tego &#8222;wynalazku&#8221;. Najcz\u0119\u015bciej ma on atest, tymczasem kartony masek kupowane w Chinach po 4 dolary za milion sztuk nie maj\u0105 \u017cadnego atestu. Nie chroni\u0105 chirurga, nie ochroni\u0105 kierowc\u00f3w. Ale zaraz &#8230; kierowcy wy\u015bcigowi r\u00f3wnie\u017c nosz\u0105 form\u0119 maski? Pod kaskiem kryje si\u0119 czapka. Kierowcy wy\u015bcigowi jednak nie patrz\u0105 do ty\u0142u a ten wynalazek nie wp\u0142ywa na s\u0142uch. Mocowanie maski to gumki, kt\u00f3re maj\u0105 wp\u0142yw na kr\u0105\u017cenie uszne a to z czasem wp\u0142ynie na pogorszenie s\u0142uchu lub szumy uszne.<\/p>\n<p style=\"text-align: center;\"><strong>Tak, to dziwne &#8230;<\/strong><\/p>\n<p style=\"text-align: center;\"><a href=\"https:\/\/www.historiazkolemwtle.cal24.pl\/Blog\/wp-content\/uploads\/2021\/03\/shutterstock_1673573167-2183f591ea440911b4a9533fd828f73a.jpg\"><img decoding=\"async\" class=\"aligncenter wp-image-11235\" src=\"https:\/\/www.historiazkolemwtle.cal24.pl\/Blog\/wp-content\/uploads\/2021\/03\/shutterstock_1673573167-2183f591ea440911b4a9533fd828f73a-300x200.jpg\" alt=\"\" width=\"315\" height=\"210\" srcset=\"https:\/\/www.historiazkolemwtle.cal24.pl\/Blog\/wp-content\/uploads\/2021\/03\/shutterstock_1673573167-2183f591ea440911b4a9533fd828f73a-300x200.jpg 300w, https:\/\/www.historiazkolemwtle.cal24.pl\/Blog\/wp-content\/uploads\/2021\/03\/shutterstock_1673573167-2183f591ea440911b4a9533fd828f73a.jpg 740w\" sizes=\"(max-width: 315px) 100vw, 315px\" \/><\/a>\u0179r\u00f3d\u0142o: shuterstock<\/p>\n<p style=\"text-align: justify;\">Paradoksem tej sytuacji jest to, \u017ce zapobieganie jednej choroby wp\u0142ywa na rozw\u00f3j drugiej. Kilka miesi\u0119cy ucisku w okolicach uszu z pewno\u015bci\u0105 prze\u0142o\u017cy si\u0119 na inne dolegliwo\u015bci. Kiedy si\u0119 &#8222;to&#8221; sko\u0144czy? Nikt nie wie. W tym czasie nadal na ulicach b\u0119d\u0105 pojawia\u0107 si\u0119 &#8222;ninja w Matizach&#8221;. Trzeba na nich uwa\u017ca\u0107. Za kierownic\u0105 taki ninja jest bardziej niebezpieczny ni\u017c gdy w czarnej masce pod os\u0142on\u0105 nocy skrada si\u0119 we &#8222;wiadomym&#8221; celu. Sk\u0105d pomys\u0142 na ten tekst? Wszystko za spraw\u0105 kilku wydarze\u0144, kt\u00f3re w kilka miesi\u0119cy zarejestrowa\u0142 wideorejestrator w poje\u017adzie Autora.<\/p>\n<p style=\"text-align: justify;\">Ograniczone pole widzenia spowodowane &#8222;antywirusowymi wynalazkami&#8221; wp\u0142yn\u0119\u0142o na kilka niebezpiecznych sytuacji, w kt\u00f3rych kierowcy nie zauwa\u017cyli nadje\u017cd\u017caj\u0105cych z boku lub z ty\u0142u. Wymuszenia pierwsze\u0144stwa, nag\u0142e zmiany pasa ruchu? Nie tylko. Czasem szkoda parkingowa przy manewrach. Wszystko to dzi\u0119ki masce. Ta w samochodzie nie jest potrzebna. Mo\u017ce by\u0107 jako &#8222;co\u015b&#8221;, co przewozimy jako akcesorium, ale nie jako sta\u0142y element stroju kierowcy. Nie i ju\u017c. Wszelkie pr\u00f3by przymusu &#8222;zamaskowania kierowc\u00f3w&#8221; to z\u0142y pomys\u0142. To biologiczna bzdura roku.<\/p>\n","protected":false},"excerpt":{"rendered":"<p>Kolejne &#8222;jeszcze dwa tygodnie&#8221; to czas, kiedy po raz kolejny jeste\u015bmy skazani na tzw. &#8222;re\u017cim sanitarny&#8221;. Wraz z kolejn\u0105 &#8222;fal\u0105&#8221; znowu pojawia si\u0119 problem kierowc\u00f3w. W zasadzie nie ma go, ale jest sztucznie wytworzony przez osoby, kt\u00f3re uchwalaj\u0105 kolejne g\u0142upie przepisy. Dlaczego g\u0142upie? Podobno w samochodzie powinno si\u0119 je\u017adzi\u0107 w maseczce? Czy to konieczne? Czy\u2026 <span class=\"read-more\"><a href=\"https:\/\/www.historiazkolemwtle.cal24.pl\/Blog\/2021\/03\/19\/zamaskowany-ninja-w-matizie\/\">Dowiedz si\u0119 wi\u0119cej &raquo;<\/a><\/span><\/p>\n","protected":false},"author":1,"featured_media":11236,"comment_status":"open","ping_status":"closed","sticky":false,"template":"","format":"standard","meta":{"footnotes":""},"categories":[3],"tags":[2391,2389,2390,2388],"class_list":["post-11230","post","type-post","status-publish","format-standard","has-post-thumbnail","hentry","category-felietony","tag-bezpieczenstwo-jazdy","tag-covid19","tag-kierowca-w-masce","tag-maska-w-samochodzie"],"rttpg_featured_image_url":{"full":["https:\/\/www.historiazkolemwtle.cal24.pl\/Blog\/wp-content\/uploads\/2021\/03\/Kierowca-autonus-maska.jpg",320,240,false],"landscape":["https:\/\/www.historiazkolemwtle.cal24.pl\/Blog\/wp-content\/uploads\/2021\/03\/Kierowca-autonus-maska.jpg",320,240,false],"portraits":["https:\/\/www.historiazkolemwtle.cal24.pl\/Blog\/wp-content\/uploads\/2021\/03\/Kierowca-autonus-maska.jpg",320,240,false],"thumbnail":["https:\/\/www.historiazkolemwtle.cal24.pl\/Blog\/wp-content\/uploads\/2021\/03\/Kierowca-autonus-maska-150x150.jpg",150,150,true],"medium":["https:\/\/www.historiazkolemwtle.cal24.pl\/Blog\/wp-content\/uploads\/2021\/03\/Kierowca-autonus-maska-300x225.jpg",300,225,true],"large":["https:\/\/www.historiazkolemwtle.cal24.pl\/Blog\/wp-content\/uploads\/2021\/03\/Kierowca-autonus-maska.jpg",320,240,false],"1536x1536":["https:\/\/www.historiazkolemwtle.cal24.pl\/Blog\/wp-content\/uploads\/2021\/03\/Kierowca-autonus-maska.jpg",320,240,false],"2048x2048":["https:\/\/www.historiazkolemwtle.cal24.pl\/Blog\/wp-content\/uploads\/2021\/03\/Kierowca-autonus-maska.jpg",320,240,false],"post-thumbnail":["https:\/\/www.historiazkolemwtle.cal24.pl\/Blog\/wp-content\/uploads\/2021\/03\/Kierowca-autonus-maska.jpg",320,240,false],"excerpt-thumbnail":["https:\/\/www.historiazkolemwtle.cal24.pl\/Blog\/wp-content\/uploads\/2021\/03\/Kierowca-autonus-maska.jpg",187,140,false],"excerpt-thumbnail-mobile":["https:\/\/www.historiazkolemwtle.cal24.pl\/Blog\/wp-content\/uploads\/2021\/03\/Kierowca-autonus-maska.jpg",267,200,false]},"rttpg_author":{"display_name":"Zbigniew Kluczkowski","author_link":"https:\/\/www.historiazkolemwtle.cal24.pl\/Blog\/author\/admin\/"},"rttpg_comment":0,"rttpg_category":"<a href=\"https:\/\/www.historiazkolemwtle.cal24.pl\/Blog\/category\/felietony\/\" rel=\"category tag\">Felietony<\/a>","rttpg_excerpt":"Kolejne &#8222;jeszcze dwa tygodnie&#8221; to czas, kiedy po raz kolejny jeste\u015bmy skazani na tzw. &#8222;re\u017cim sanitarny&#8221;. Wraz z kolejn\u0105 &#8222;fal\u0105&#8221; znowu pojawia si\u0119 problem kierowc\u00f3w. W zasadzie nie ma go, ale jest sztucznie wytworzony przez osoby, kt\u00f3re uchwalaj\u0105 kolejne g\u0142upie przepisy. Dlaczego g\u0142upie? Podobno w samochodzie powinno si\u0119 je\u017adzi\u0107 w maseczce? Czy to konieczne? Czy\u2026&hellip;","_links":{"self":[{"href":"https:\/\/www.historiazkolemwtle.cal24.pl\/Blog\/wp-json\/wp\/v2\/posts\/11230","targetHints":{"allow":["GET"]}}],"collection":[{"href":"https:\/\/www.historiazkolemwtle.cal24.pl\/Blog\/wp-json\/wp\/v2\/posts"}],"about":[{"href":"https:\/\/www.historiazkolemwtle.cal24.pl\/Blog\/wp-json\/wp\/v2\/types\/post"}],"author":[{"embeddable":true,"href":"https:\/\/www.historiazkolemwtle.cal24.pl\/Blog\/wp-json\/wp\/v2\/users\/1"}],"replies":[{"embeddable":true,"href":"https:\/\/www.historiazkolemwtle.cal24.pl\/Blog\/wp-json\/wp\/v2\/comments?post=11230"}],"version-history":[{"count":4,"href":"https:\/\/www.historiazkolemwtle.cal24.pl\/Blog\/wp-json\/wp\/v2\/posts\/11230\/revisions"}],"predecessor-version":[{"id":11237,"href":"https:\/\/www.historiazkolemwtle.cal24.pl\/Blog\/wp-json\/wp\/v2\/posts\/11230\/revisions\/11237"}],"wp:featuredmedia":[{"embeddable":true,"href":"https:\/\/www.historiazkolemwtle.cal24.pl\/Blog\/wp-json\/wp\/v2\/media\/11236"}],"wp:attachment":[{"href":"https:\/\/www.historiazkolemwtle.cal24.pl\/Blog\/wp-json\/wp\/v2\/media?parent=11230"}],"wp:term":[{"taxonomy":"category","embeddable":true,"href":"https:\/\/www.historiazkolemwtle.cal24.pl\/Blog\/wp-json\/wp\/v2\/categories?post=11230"},{"taxonomy":"post_tag","embeddable":true,"href":"https:\/\/www.historiazkolemwtle.cal24.pl\/Blog\/wp-json\/wp\/v2\/tags?post=11230"}],"curies":[{"name":"wp","href":"https:\/\/api.w.org\/{rel}","templated":true}]}}