{"id":11543,"date":"2021-06-04T19:56:47","date_gmt":"2021-06-04T18:56:47","guid":{"rendered":"https:\/\/www.historiazkolemwtle.cal24.pl\/Blog\/?p=11543"},"modified":"2021-06-04T19:56:47","modified_gmt":"2021-06-04T18:56:47","slug":"pancerniaki-prosto-z-zsrr","status":"publish","type":"post","link":"https:\/\/www.historiazkolemwtle.cal24.pl\/Blog\/2021\/06\/04\/pancerniaki-prosto-z-zsrr\/","title":{"rendered":"Pancerniaki prosto z ZSRR"},"content":{"rendered":"<p style=\"text-align: justify;\">Po przegranej wojnie na Niemcy zosta\u0142y na\u0142o\u017cone r\u00f3\u017cnego rodzaju sankcje. Jednym z najwa\u017cniejszych ogranicze\u0144 by\u0142o to, \u017ce ich armia by\u0142a ca\u0142kowicie rozbrojona a decyzje o odbudowie machin wojennych ogranicza\u0142y si\u0119 do budowy makiet czo\u0142g\u00f3w na podwoziach rowerowych. Jeszcze w latach 20-tych powszechne by\u0142y &#8222;manewry wojskowe&#8221; z u\u017cyciem takich makiet. Postanowienia zawartych traktat\u00f3w nie obejmowa\u0142y jednego \u2013 mo\u017cliwo\u015bci rozwoju techniki w pa\u0144stwie sprzymierzonym co w\u0142adze zamierza\u0142y wykorzysta\u0107. Takim dla Niemiec by\u0142 Zwi\u0105zek Radziecki. W ten spos\u00f3b zacz\u0119\u0142a si\u0119 jedna z najbardziej tajemniczych historii okresu mi\u0119dzywojennego.<\/p>\n<p style=\"text-align: justify;\">Wszystko zacz\u0119\u0142o si\u0119 w po\u0142owie lat 20-tych XX wieku, kiedy uruchomiono Szko\u0142\u0119 Pilot\u00f3w Wojskowych w Lipiecku. Jej zadaniem by\u0142o wyszkolenie nowego pokolenia pilot\u00f3w &#8211; takich legend jak &#8222;Czerwony Baron&#8221; czy Hermann Goering, kt\u00f3ry swoimi Fokkerami i Albatrosami siali postrach w przestworzach. W ci\u0105gu kilku nast\u0119pnych lat wsp\u00f3\u0142praca by\u0142ego Cesarstwa ze ZSRR pog\u0142\u0119bia\u0142a si\u0119 a na prze\u0142omie lat 20 i 30-tych dow\u00f3dztwo niemieckie prowadzi\u0142o na terenie ZSRR kilka szk\u00f3\u0142 wojskowych a najwa\u017cniejsz\u0105 z nich by\u0142a Szko\u0142a Czo\u0142gowa KAMA, kt\u00f3ra pierwszy rocznik uczni\u00f3w przyj\u0119\u0142a w 1929 roku.<\/p>\n<p style=\"text-align: center;\"><strong>Makieta czo\u0142gu na manewrach<\/strong><\/p>\n<p style=\"text-align: center;\"><a href=\"https:\/\/www.historiazkolemwtle.cal24.pl\/Blog\/wp-content\/uploads\/2021\/06\/FOTO-02-1.jpg\"><img fetchpriority=\"high\" decoding=\"async\" class=\"aligncenter wp-image-11551\" src=\"https:\/\/www.historiazkolemwtle.cal24.pl\/Blog\/wp-content\/uploads\/2021\/06\/FOTO-02-1-300x161.jpg\" alt=\"\" width=\"325\" height=\"175\" srcset=\"https:\/\/www.historiazkolemwtle.cal24.pl\/Blog\/wp-content\/uploads\/2021\/06\/FOTO-02-1-300x161.jpg 300w, https:\/\/www.historiazkolemwtle.cal24.pl\/Blog\/wp-content\/uploads\/2021\/06\/FOTO-02-1.jpg 540w\" sizes=\"(max-width: 325px) 100vw, 325px\" \/><\/a>\u0179r\u00f3d\u0142o: zbiam.pl<\/p>\n<p style=\"text-align: justify;\">Nie by\u0142o sprz\u0119tu, ale ten powoli kompletowano. Szko\u0142a w ci\u0105gu kilku miesi\u0119cy dosta\u0142a ogromne pieni\u0105dze na rozw\u00f3j \u2013 powsta\u0142y nowoczesne gara\u017ce i poligon, na kt\u00f3rym mo\u017cna by\u0142o testowa\u0107 wytwory brytyjskiej my\u015bli technicznej. Tak \u2013 dok\u0142adnie by\u0142y to Vickersy i remontowane zdobycze wojenne. To na nich uczono jazdy przysz\u0142ych kierowc\u00f3w czo\u0142gu. Wcze\u015bniej nale\u017ca\u0142o je wyremontowa\u0107 i pozna\u0107 zasad\u0119 dzia\u0142ania wi\u0119kszo\u015bci mechanizm\u00f3w. Szko\u0142a mia\u0142a wykszta\u0142ci\u0107 nowe pokolenie \u017co\u0142nierzy s\u0142u\u017c\u0105cych w jednostkach pancernych w czym mia\u0142 wkr\u00f3tce pom\u00f3c Krupp, Rheinmetall i Daimler &#8211; strategiczne dla nazist\u00f3w przedsi\u0119biorstwa.<\/p>\n<p style=\"text-align: justify;\">Na terenie Niemiec nie mo\u017cna by\u0142o projektowa\u0107 broni, ale nie by\u0142o przeszkody w projektowaniu maszyn rolniczych. Pod takimi projektami na prze\u0142omie lat 20-tych i 30-tych ukryto prace badawcze nad pojazdami pancernymi r\u00f3\u017cnego przeznaczenia &#8211; wszystkich o nap\u0119dzie g\u0105sienicowym. Zakres prac nad pojazdem o nazwie &#8222;Kleintraktor&#8221; obejmowa\u0142 projekt pojazdu g\u0105sienicowego o masie oko\u0142o 3 ton a do jego nap\u0119du mia\u0142 s\u0142u\u017cy\u0107 silnik ch\u0142odzony powietrzem o mocy oko\u0142o 60 KM. Pierwotnie pojazd mia\u0142 otwarte nadwozie co mia\u0142o zmyli\u0107 opini\u0119 publiczn\u0105. Teren Republiki Weimarskiej, gdzie zmontowano prototyp by\u0142 nadzorowany.<\/p>\n<p style=\"text-align: justify;\">Dopiero po przewiezieniu do ZSRR pojazd ujawni\u0142 &#8222;w\u0142a\u015bciwe przeznaczenie&#8221;. To w\u0142a\u015bnie tam konstrukcj\u0119 wyposa\u017cono w dwa dzia\u0142ka o kalibrze 20 mm i zacz\u0119to konstruowa\u0107 wie\u017cyczk\u0119. Pojazd mie\u015bci\u0142 2 osoby a jego zadaniem by\u0142o rozpoznanie terenu. Projekt szybko ewoluowa\u0142. Kolejne wersje tej konstrukcji wa\u017cy\u0142y ju\u017c prawie 9 ton oraz mie\u015bci\u0142y za\u0142og\u0119 sk\u0142adaj\u0105c\u0105 si\u0119 z 4 \u017co\u0142nierzy. Ta odmiana ze 100-konnym silnikiem Daimlera osi\u0105ga\u0142a pr\u0119dko\u015b\u0107 30 km\/h. Prototypowe pojazdy s\u0142u\u017cy\u0142y do cel\u00f3w treningowych &#8211; to na nich przyszli &#8222;pancerniacy&#8221; uczyli si\u0119 zdobywa\u0107 nowe tereny. Pocz\u0105tkowo na poligonie znajduj\u0105cym si\u0119 przy szkole a p\u00f3\u017aniej &#8230;<\/p>\n<p style=\"text-align: center;\"><strong>&#8222;Kleintraktor&#8221;<\/strong><\/p>\n<p style=\"text-align: center;\"><a href=\"https:\/\/www.historiazkolemwtle.cal24.pl\/Blog\/wp-content\/uploads\/2021\/06\/EeHLxEdXYAEzrrD.png\"><img decoding=\"async\" class=\"aligncenter wp-image-11552\" src=\"https:\/\/www.historiazkolemwtle.cal24.pl\/Blog\/wp-content\/uploads\/2021\/06\/EeHLxEdXYAEzrrD-300x170.png\" alt=\"\" width=\"315\" height=\"179\" srcset=\"https:\/\/www.historiazkolemwtle.cal24.pl\/Blog\/wp-content\/uploads\/2021\/06\/EeHLxEdXYAEzrrD-300x170.png 300w, https:\/\/www.historiazkolemwtle.cal24.pl\/Blog\/wp-content\/uploads\/2021\/06\/EeHLxEdXYAEzrrD-768x436.png 768w, https:\/\/www.historiazkolemwtle.cal24.pl\/Blog\/wp-content\/uploads\/2021\/06\/EeHLxEdXYAEzrrD.png 928w\" sizes=\"(max-width: 315px) 100vw, 315px\" \/><\/a>\u0179r\u00f3d\u0142o: Twitter<\/p>\n<p style=\"text-align: justify;\">Sami wiecie. Tymczasem sp\u00f3\u0142ka niemieckich przedsi\u0119biorstw przerabia\u0142a istniej\u0105ce prototypy. Cz\u0119\u015b\u0107 z nich przewieziono do szko\u0142y w cz\u0119\u015bciach i zmontowano je w gara\u017cach. Praktykanci a jednocze\u015bnie przyszli absolwenci na nich uczyli si\u0119 budowy i obs\u0142ugi czo\u0142g\u00f3w. Szko\u0142a &#8222;KAMA&#8221; szybko sta\u0142a si\u0119 miejscem, z kt\u00f3rych wi\u0105zano nadzieje na rozw\u00f3j pojazd\u00f3w pancernych. O ile mniejsze konstrukcje by\u0142y &#8222;ma\u0142ymi traktorami&#8221;,\u00a0 wraz ze zwi\u0119kszaniem ich rozmiar\u00f3w konieczny by\u0142 projekt &#8222;du\u017cego traktora&#8221;. Pod tym okre\u015bleniem ukryto program rozwoju ci\u0119\u017ckich pojazd\u00f3w pancernych. Tak oto zacz\u0119\u0142a si\u0119 historia czo\u0142g\u00f3w Panzer.<\/p>\n<p style=\"text-align: justify;\">Panzer 1 by\u0142 przej\u015bciowym etapem rozwoju czo\u0142g\u00f3w. Wcze\u015bniejsze prototypy (wed\u0142ug nieoficjalnych danych zmontowano 4 sztuki) ust\u0105pi\u0142y miejsca nowej konstrukcji. Panzer 1 mia\u0142 4 metry d\u0142ugo\u015bci, wa\u017cy\u0142 5,4 tony a do jego nap\u0119du s\u0142u\u017cy\u0142 silnik produkcji Kruppa o mocy 57 KM. Pierwsze testy nowego pojazdu odbywa\u0142y si\u0119 na terenie przyszkolnego poligonu. Podczas test\u00f3w na przyszkolnym poligonie udowodniono, \u017ce &#8222;ci\u0105gnik&#8221; jest broni\u0105 sprawn\u0105 i skuteczn\u0105. Nie by\u0142 konkurencyjny wobec brytyjskich konstrukcji, ale to mia\u0142o si\u0119 zmieni\u0107. Uzbrojenie mia\u0142o by\u0107 coraz lepsze, ale nie mo\u017cna by\u0142o odkrywa\u0107 ca\u0142ej technologii &#8211; przed radzieckimi genera\u0142ami i szpiegami.<\/p>\n<p style=\"text-align: justify;\">Czo\u0142g mia\u0142 minimalne uzbrojenie \u2013 stanowi\u0142y je dwa karabiny maszynowe a grubo\u015b\u0107 pancerza wynosi\u0142a od 6 do 13 milimetr\u00f3w (w zale\u017cno\u015bci od miejsca). Zasi\u0119g w terenie wynosi\u0142 oko\u0142o 90 km (na 144 &#8211; litrowym zbiorniku). G\u0105sienice o szeroko\u015bci 28 cm oraz k\u0105t natarcia 30 stopni pozwala\u0142y na pokonywanie przeszk\u00f3d terenowych. Pojazd by\u0142 testowany w trudnych warunkach przysz\u0142ego &#8222;Frontu Wschodniego&#8221; (o czym jeszcze nie wiedziano). Radzieccy wojskowi nie zdawali sobie sprawy z faktu, \u017ce na ich terytorium ro\u015bnie przysz\u0142y sojusznik a nieco p\u00f3\u017aniej &#8230; agresor. Tymczasem nie uda\u0142o si\u0119 utrzyma\u0107 tajemnicy.<\/p>\n<p style=\"text-align: center;\"><strong>Panzer 1<\/strong><\/p>\n<p style=\"text-align: center;\"><a href=\"https:\/\/www.historiazkolemwtle.cal24.pl\/Blog\/wp-content\/uploads\/2021\/06\/images.jpeg\"><img decoding=\"async\" class=\"aligncenter wp-image-11554\" src=\"https:\/\/www.historiazkolemwtle.cal24.pl\/Blog\/wp-content\/uploads\/2021\/06\/images.jpeg\" alt=\"\" width=\"320\" height=\"185\" \/><\/a>\u0179r\u00f3d\u0142o: damjar.pl<\/p>\n<p style=\"text-align: justify;\">Fakt testowania nowego sprz\u0119tu na terenie obcego kraju nie m\u00f3g\u0142 zosta\u0107 niezauwa\u017cony. Plotki o cz\u0119stych go\u015bciach zza granicy szybko rozesz\u0142y si\u0119. Informacje trafi\u0142y do kraj\u00f3w zachodnich. Seria &#8222;ci\u0105gnik\u00f3w&#8221; szybko zosta\u0142a w Rosji namierzona i dowiedzia\u0142y si\u0119 o tym zachodnie s\u0142u\u017cby wywiadowcze &#8211; w tym pomog\u0142a &#8222;siatka&#8221; Jerzego Sosnowskiego. To jednak nie przeszkodzi\u0142o w rozwoju konstrukcji. Projekt powi\u0119kszono i w miejsce dw\u00f3ch karabin\u00f3w maszynowych mo\u017cna by\u0142o zamontowa\u0107 armat\u0119 na pociski o kalibrze 20 mm. W ten spos\u00f3b pojawi\u0142y si\u0119 plany kolejnego czo\u0142gu &#8211; Panzer II, ale jego rozw\u00f3j odbywa\u0142 si\u0119 ju\u017c na terenie III Rzeszy.<\/p>\n<p style=\"text-align: justify;\">Szko\u0142a Kama w 1933 roku zako\u0144czy\u0142a dzia\u0142alno\u015b\u0107. W\u0142adzom ZSRR nie zale\u017ca\u0142o na kontynuowaniu wsp\u00f3\u0142pracy. W tym czasie Niemcom zniesiono zakazy. Od tego momentu niemieckie fabryki intensywnie rozwija\u0142y swoj\u0105 technologi\u0119, odlewano coraz wi\u0119ksze dzia\u0142a, budowano wi\u0119ksze czo\u0142gi, szybsze samoloty i tworzono nowe wynalazki. Nikt jeszcze nie przewidywa\u0142 tego co si\u0119 wydarzy za kilka lat. W kr\u00f3tkim czasie nazistowska machina wojenna osi\u0105gn\u0119\u0142a tyle co inne wojska w trzydzie\u015bci lat. Zacz\u0119\u0142a si\u0119 wojna. Pierwsza taka, w kt\u00f3rej silniki i pojazdy odegraj\u0105 g\u0142\u00f3wn\u0105 rol\u0119. Wszystko to nazi\u015bci zawdzi\u0119czali wsp\u00f3\u0142pracy przemys\u0142u i szkolnictwa.<\/p>\n","protected":false},"excerpt":{"rendered":"<p>Po przegranej wojnie na Niemcy zosta\u0142y na\u0142o\u017cone r\u00f3\u017cnego rodzaju sankcje. Jednym z najwa\u017cniejszych ogranicze\u0144 by\u0142o to, \u017ce ich armia by\u0142a ca\u0142kowicie rozbrojona a decyzje o odbudowie machin wojennych ogranicza\u0142y si\u0119 do budowy makiet czo\u0142g\u00f3w na podwoziach rowerowych. Jeszcze w latach 20-tych powszechne by\u0142y &#8222;manewry wojskowe&#8221; z u\u017cyciem takich makiet. Postanowienia zawartych traktat\u00f3w nie obejmowa\u0142y jednego\u2026 <span class=\"read-more\"><a href=\"https:\/\/www.historiazkolemwtle.cal24.pl\/Blog\/2021\/06\/04\/pancerniaki-prosto-z-zsrr\/\">Dowiedz si\u0119 wi\u0119cej &raquo;<\/a><\/span><\/p>\n","protected":false},"author":1,"featured_media":11556,"comment_status":"open","ping_status":"closed","sticky":false,"template":"","format":"standard","meta":{"footnotes":""},"categories":[5],"tags":[2452,2451,2450,2165],"class_list":["post-11543","post","type-post","status-publish","format-standard","has-post-thumbnail","hentry","category-historia","tag-kleintraktor","tag-panzer-1","tag-szkola-czolgowa-kama","tag-zsrr"],"rttpg_featured_image_url":{"full":["https:\/\/www.historiazkolemwtle.cal24.pl\/Blog\/wp-content\/uploads\/2021\/06\/Zrzut-ekranu-z-2021-06-04-20-52-36.png",320,240,false],"landscape":["https:\/\/www.historiazkolemwtle.cal24.pl\/Blog\/wp-content\/uploads\/2021\/06\/Zrzut-ekranu-z-2021-06-04-20-52-36.png",320,240,false],"portraits":["https:\/\/www.historiazkolemwtle.cal24.pl\/Blog\/wp-content\/uploads\/2021\/06\/Zrzut-ekranu-z-2021-06-04-20-52-36.png",320,240,false],"thumbnail":["https:\/\/www.historiazkolemwtle.cal24.pl\/Blog\/wp-content\/uploads\/2021\/06\/Zrzut-ekranu-z-2021-06-04-20-52-36-150x150.png",150,150,true],"medium":["https:\/\/www.historiazkolemwtle.cal24.pl\/Blog\/wp-content\/uploads\/2021\/06\/Zrzut-ekranu-z-2021-06-04-20-52-36-300x225.png",300,225,true],"large":["https:\/\/www.historiazkolemwtle.cal24.pl\/Blog\/wp-content\/uploads\/2021\/06\/Zrzut-ekranu-z-2021-06-04-20-52-36.png",320,240,false],"1536x1536":["https:\/\/www.historiazkolemwtle.cal24.pl\/Blog\/wp-content\/uploads\/2021\/06\/Zrzut-ekranu-z-2021-06-04-20-52-36.png",320,240,false],"2048x2048":["https:\/\/www.historiazkolemwtle.cal24.pl\/Blog\/wp-content\/uploads\/2021\/06\/Zrzut-ekranu-z-2021-06-04-20-52-36.png",320,240,false],"post-thumbnail":["https:\/\/www.historiazkolemwtle.cal24.pl\/Blog\/wp-content\/uploads\/2021\/06\/Zrzut-ekranu-z-2021-06-04-20-52-36.png",320,240,false],"excerpt-thumbnail":["https:\/\/www.historiazkolemwtle.cal24.pl\/Blog\/wp-content\/uploads\/2021\/06\/Zrzut-ekranu-z-2021-06-04-20-52-36.png",187,140,false],"excerpt-thumbnail-mobile":["https:\/\/www.historiazkolemwtle.cal24.pl\/Blog\/wp-content\/uploads\/2021\/06\/Zrzut-ekranu-z-2021-06-04-20-52-36.png",267,200,false]},"rttpg_author":{"display_name":"Zbigniew Kluczkowski","author_link":"https:\/\/www.historiazkolemwtle.cal24.pl\/Blog\/author\/admin\/"},"rttpg_comment":0,"rttpg_category":"<a href=\"https:\/\/www.historiazkolemwtle.cal24.pl\/Blog\/category\/historia\/\" rel=\"category tag\">\"Historyczne\" wpisy<\/a>","rttpg_excerpt":"Po przegranej wojnie na Niemcy zosta\u0142y na\u0142o\u017cone r\u00f3\u017cnego rodzaju sankcje. Jednym z najwa\u017cniejszych ogranicze\u0144 by\u0142o to, \u017ce ich armia by\u0142a ca\u0142kowicie rozbrojona a decyzje o odbudowie machin wojennych ogranicza\u0142y si\u0119 do budowy makiet czo\u0142g\u00f3w na podwoziach rowerowych. Jeszcze w latach 20-tych powszechne by\u0142y &#8222;manewry wojskowe&#8221; z u\u017cyciem takich makiet. Postanowienia zawartych traktat\u00f3w nie obejmowa\u0142y jednego\u2026&hellip;","_links":{"self":[{"href":"https:\/\/www.historiazkolemwtle.cal24.pl\/Blog\/wp-json\/wp\/v2\/posts\/11543","targetHints":{"allow":["GET"]}}],"collection":[{"href":"https:\/\/www.historiazkolemwtle.cal24.pl\/Blog\/wp-json\/wp\/v2\/posts"}],"about":[{"href":"https:\/\/www.historiazkolemwtle.cal24.pl\/Blog\/wp-json\/wp\/v2\/types\/post"}],"author":[{"embeddable":true,"href":"https:\/\/www.historiazkolemwtle.cal24.pl\/Blog\/wp-json\/wp\/v2\/users\/1"}],"replies":[{"embeddable":true,"href":"https:\/\/www.historiazkolemwtle.cal24.pl\/Blog\/wp-json\/wp\/v2\/comments?post=11543"}],"version-history":[{"count":10,"href":"https:\/\/www.historiazkolemwtle.cal24.pl\/Blog\/wp-json\/wp\/v2\/posts\/11543\/revisions"}],"predecessor-version":[{"id":11557,"href":"https:\/\/www.historiazkolemwtle.cal24.pl\/Blog\/wp-json\/wp\/v2\/posts\/11543\/revisions\/11557"}],"wp:featuredmedia":[{"embeddable":true,"href":"https:\/\/www.historiazkolemwtle.cal24.pl\/Blog\/wp-json\/wp\/v2\/media\/11556"}],"wp:attachment":[{"href":"https:\/\/www.historiazkolemwtle.cal24.pl\/Blog\/wp-json\/wp\/v2\/media?parent=11543"}],"wp:term":[{"taxonomy":"category","embeddable":true,"href":"https:\/\/www.historiazkolemwtle.cal24.pl\/Blog\/wp-json\/wp\/v2\/categories?post=11543"},{"taxonomy":"post_tag","embeddable":true,"href":"https:\/\/www.historiazkolemwtle.cal24.pl\/Blog\/wp-json\/wp\/v2\/tags?post=11543"}],"curies":[{"name":"wp","href":"https:\/\/api.w.org\/{rel}","templated":true}]}}