{"id":21167,"date":"2025-04-07T18:55:02","date_gmt":"2025-04-07T17:55:02","guid":{"rendered":"https:\/\/www.historiazkolemwtle.cal24.pl\/Blog\/?p=21167"},"modified":"2025-04-07T18:55:02","modified_gmt":"2025-04-07T17:55:02","slug":"pierwszy-sezon","status":"publish","type":"post","link":"https:\/\/www.historiazkolemwtle.cal24.pl\/Blog\/2025\/04\/07\/pierwszy-sezon\/","title":{"rendered":"Pierwszy sezon"},"content":{"rendered":"<p style=\"text-align: justify;\">Kiedy w 1994 roku stacja RTL otrzyma\u0142a scenariusz na nakr\u0119cenie serialu o policjantach nikt nie spodziewa\u0142 si\u0119, \u017ce rozpoczyna si\u0119 nowa historia trwaj\u0105ca ju\u017c 30 lat. Zwykle seriale o policjantach dotyczy\u0142y zab\u00f3jstw, mafii, przemocy domowej i rabunk\u00f3w. Pomys\u0142 na nowy serial by\u0142 zupe\u0142nie inny. Na pocz\u0105tku lat 90-tych ka\u017cdy Europejczyk chcia\u0142 przejecha\u0107 si\u0119 niemieck\u0105 autostrad\u0105, gdzie nie ma limit\u00f3w pr\u0119dko\u015bci, jest bezpiecznie i co kilka kilometr\u00f3w mo\u017cna zjecha\u0107 do malowniczej miejscowo\u015bci Ausfahrt. Autostrada &#8211; to w\u0142a\u015bnie mia\u0142o by\u0107 najwa\u017cniejszym elementem scenariusza.<\/p>\n<p style=\"text-align: justify;\">Zamys\u0142em scenarzyst\u00f3w by\u0142o stworzenie nowego wizerunku policjanta policji drogowej. Wcze\u015bniej policjant drog\u00f3wki kojarzy\u0142 si\u0119 ze starszym panem z nadwag\u0105 siedz\u0105cym w radiowozie i na zmian\u0119 &#8211; jedz\u0105cym niezdrowe jedzenie i patrz\u0105cym na ekran wideorejestratora. W nowym serialu mia\u0142o to by\u0107 \u201eciacho\u201d &#8211; m\u0142ody, atrakcyjny komisarz. Zamiast starego Opla i &#8222;krzak\u00f3w&#8221;, zza kt\u00f3rych wystaje fotoradar &#8211; \u201eporz\u0105dny samoch\u00f3d\u201d i po\u015bcigi za przest\u0119pcami. Przecie\u017c przekraczanie pr\u0119dko\u015bci ma swoj\u0105 przyczyn\u0119 &#8211; kto\u015b przed kim\u015b ucieka, kto\u015b kogo\u015b \u015bciga, padaj\u0105 strza\u0142y. Czasami ludzie s\u0105 ofiarami dzia\u0142a\u0144 innych ludzi &#8211; ot, czasem zostanie przeci\u0119ty przew\u00f3d hamulcowy lub kto\u015b zostaje zepchni\u0119ty z drogi.<\/p>\n<p style=\"text-align: center;\"><strong>Pierwszy Partner Semira &#8211; Frank Stolte<\/strong><\/p>\n<p><a href=\"https:\/\/www.historiazkolemwtle.cal24.pl\/Blog\/wp-content\/uploads\/2025\/04\/480px-Frank1911Cobra11-1.jpg\"><img fetchpriority=\"high\" decoding=\"async\" class=\"size-medium wp-image-21169 aligncenter\" src=\"https:\/\/www.historiazkolemwtle.cal24.pl\/Blog\/wp-content\/uploads\/2025\/04\/480px-Frank1911Cobra11-1-300x225.jpg\" alt=\"\" width=\"300\" height=\"225\" srcset=\"https:\/\/www.historiazkolemwtle.cal24.pl\/Blog\/wp-content\/uploads\/2025\/04\/480px-Frank1911Cobra11-1-300x225.jpg 300w, https:\/\/www.historiazkolemwtle.cal24.pl\/Blog\/wp-content\/uploads\/2025\/04\/480px-Frank1911Cobra11-1.jpg 480w\" sizes=\"(max-width: 300px) 100vw, 300px\" \/><\/a><\/p>\n<p style=\"text-align: center;\">\u0179r\u00f3d\u0142o: afc11.fandom.com<\/p>\n<p style=\"text-align: justify;\">Powod\u00f3w interwencji drog\u00f3wki jest wiele co zosta\u0142o wykorzystane przy tworzeniu scenariusza. Ka\u017cdy odcinek mia\u0142 by\u0107 inny. I by\u0142. Dok\u0142adnie 12 marca 1996 roku na RTL pokazano pierwszy odcinek nowego serialu. \u201eRejon dzia\u0142ania autostrada. Jazda z zab\u00f3jcz\u0105 pr\u0119dko\u015bci\u0105 \u2026\u201d &#8211; tak zaczyna\u0142 si\u0119 pierwszy odcinek, w kt\u00f3rym szaleniec podk\u0142ada\u0142 bomby przy autostradzie. Jest in on &#8211; Frank Stolte. M\u0142ody, wysoki, przystojny policjant. Tak, je\u017adzi starym Audi i jeszcze nie rozbija radiowozu w ka\u017cdym odcinku. Jego dziewczyna pracuje w restauracji na MOP-ie.<\/p>\n<p style=\"text-align: justify;\">W pracy ma partnera, ale ten ginie ju\u017c w kolejnym odcinku. To wtedy pojawia si\u0119 m\u0142ody policjant tureckiego pochodzenia &#8211; Semir Gerkhan. Statystyki serialu s\u0105 wi\u0119cej ni\u017c zadowalaj\u0105ce &#8211; 12 marca 1996 roku o 20:15 RTL ogl\u0105da nawet 10 mln widz\u00f3w co jest absolutnym rekordem niemieckiej telewizji. Fabu\u0142a serialu rozwija si\u0119 &#8211; widzimy prac\u0119 innych policjant\u00f3w oraz szefow\u0105. Jej posta\u0107 to twarda kobieta, kt\u00f3ra ma wszystkie cechy wymagaj\u0105cej, ale jednocze\u015bnie kochaj\u0105cej, \u00a0matki. Katharina Lamprecht jest szefow\u0105 dla kilkunastu facet\u00f3w, st\u0105d jej charakter.<\/p>\n<p style=\"text-align: justify;\">W\u015br\u00f3d policjant\u00f3w Thomas, Marcus, Jochen i jako jedyna &#8211; Anja. To ona wraz z Frankiem \u0142api\u0105 przest\u0119pc\u0119 w pierwszym odcinku. Jak zosta\u0142 z\u0142apany? Koniec pierwszego odcinka to efektowne wbicie si\u0119 furgonetki w mur i przebicie karoserii elementami konstrukcji budowanego jeszcze budynku. To sta\u0142o si\u0119 obowi\u0105zkowym elementem scenariusza wi\u0119kszo\u015bci odcink\u00f3w. Przest\u0119pca zawsze ucieka\u0142 i zawsze zosta\u0142 z\u0142apany po efektownym po\u015bcigu, w kt\u00f3rym rozbito kilka lub kilkana\u015bcie samochod\u00f3w. Do po\u015bcig\u00f3w potrzebne by\u0142y samochody w ka\u017cdej ilo\u015bci. Do scen kaskaderskich wykorzystywano stare, ale jeszcze je\u017cd\u017c\u0105ce auta.<\/p>\n<p style=\"text-align: center;\"><strong>Zanim by\u0142o BMW &#8230;<\/strong><\/p>\n<p><a href=\"https:\/\/www.historiazkolemwtle.cal24.pl\/Blog\/wp-content\/uploads\/2025\/04\/audi_100_c3.jpg.webp\"><img decoding=\"async\" class=\"size-medium wp-image-21170 aligncenter\" src=\"https:\/\/www.historiazkolemwtle.cal24.pl\/Blog\/wp-content\/uploads\/2025\/04\/audi_100_c3.jpg-300x225.webp\" alt=\"\" width=\"300\" height=\"225\" srcset=\"https:\/\/www.historiazkolemwtle.cal24.pl\/Blog\/wp-content\/uploads\/2025\/04\/audi_100_c3.jpg-300x225.webp 300w, https:\/\/www.historiazkolemwtle.cal24.pl\/Blog\/wp-content\/uploads\/2025\/04\/audi_100_c3.jpg.webp 426w\" sizes=\"(max-width: 300px) 100vw, 300px\" \/><\/a><\/p>\n<p><a href=\"https:\/\/www.historiazkolemwtle.cal24.pl\/Blog\/wp-content\/uploads\/2025\/04\/31.2.jpg\"><img decoding=\"async\" class=\"size-medium wp-image-21171 aligncenter\" src=\"https:\/\/www.historiazkolemwtle.cal24.pl\/Blog\/wp-content\/uploads\/2025\/04\/31.2-300x233.jpg\" alt=\"\" width=\"300\" height=\"233\" srcset=\"https:\/\/www.historiazkolemwtle.cal24.pl\/Blog\/wp-content\/uploads\/2025\/04\/31.2-300x233.jpg 300w, https:\/\/www.historiazkolemwtle.cal24.pl\/Blog\/wp-content\/uploads\/2025\/04\/31.2.jpg 642w\" sizes=\"(max-width: 300px) 100vw, 300px\" \/><\/a><\/p>\n<p style=\"text-align: center;\">\u0179r\u00f3d\u0142o: RTL<\/p>\n<p style=\"text-align: justify;\">W pierwszej serii rozbijano samochody z lat 70-tych i 80-tych. Bud\u017cet serialu by\u0142 ograniczony. Nowo\u015bci\u0105 w 4. odcinku by\u0142a zamiana dotychczasowych radiowoz\u00f3w (Audi 100 i Forda Sierra) na BMW serii 3. Nie by\u0142y srebrne. Tak, nie by\u0142y, gdy\u017c w scenie uje\u017cd\u017cania nowych radiowoz\u00f3w przez Franka i Semira widzimy dwie \u201eTr\u00f3jki\u201d ciemnego koloru. W tym odcinku widzimy nie tylko po\u015bcigi, ale r\u00f3wnie\u017c wa\u017cny w\u0105tek kryminalny. Wreszcie komisarze mog\u0105 wykaza\u0107 si\u0119 nie tylko umiej\u0119tno\u015bciami kierowania pojazdami, ale r\u00f3wnie\u017c umiej\u0119tno\u015bciami detektywistycznymi.<\/p>\n<p style=\"text-align: justify;\">Od tego momentu serial coraz cz\u0119\u015bciej b\u0119dzie \u0142\u0105czy\u0142 wiele w\u0105tk\u00f3w a scenariusz b\u0119dzie coraz bardziej skomplikowany. Cho\u0107 \u0142atwo przewidzie\u0107 zako\u0144czenie to scenariusz staje si\u0119 coraz bardziej rozbudowany. W 5. odcinku wydarzy si\u0119 \u201eco\u015b\u201d dziwnego. Radiowozem Semira jest \u2026 nowe Audi A4. Co dziwne, Audi nie zostaje rozbite. To jeszcze nie ten &#8222;poziom bud\u017cetu&#8221; &#8211; rozbijanie nowych samochod\u00f3w b\u0119dzie \u201enorm\u0105\u201d dopiero 20 sezon\u00f3w p\u00f3\u017aniej. W pierwszej serii rozbitymi radiowozami s\u0105 BMW, Fordy i Ople z lat 80-tych.<\/p>\n<p style=\"text-align: justify;\">Zgodnie z filozofi\u0105 serialu s\u0105 to pojazdy kilkunastoletnie, kt\u00f3re s\u0105 ju\u017c zu\u017cyte, ale s\u0105 na tyle sprawne aby zagra\u0107 swoj\u0105 \u201erol\u0119 \u017cycia\u201d. Nie zmieni si\u0119 to w kolejnych seriach. Tymczasem Frank zakochuje si\u0119 w podejrzanej. Oczywi\u015bcie na autostradzie mo\u017cna spotka\u0107 porywaczy co jest tematem 6. odcinka. Dziwnym zrz\u0105dzeniem losu zaczyna by\u0107 to, \u017ce w\u015br\u00f3d podejrzanych jest Polak. Tak, w latach 90-tych w niemieckim serialu to pewniak, kt\u00f3ry b\u0119dzie pojawia\u0142 si\u0119 w kolejnych seriach. Norm\u0105 w pierwszych seriach jest to, \u017ce wszelkie \u0142otry pochodz\u0105 z by\u0142ych &#8222;Demolud\u00f3w&#8221;. Takie czasy i taki scenariusz.<\/p>\n<p style=\"text-align: justify;\">Kiedy szefowa m\u00f3wi, \u017ce Frank i Semir mog\u0105 \u201edzia\u0142a\u0107 na w\u0142asn\u0105 r\u0119k\u0119\u201d okazuje si\u0119, \u017ce jeszcze nie demoluj\u0105 po\u0142owy miasta. Z uwagi na ograniczony bud\u017cet sprawa ma charakter bardziej kryminalny i ko\u0144czy si\u0119 walk\u0105 i strzelanin\u0105. Na autostradzie mog\u0105 patrolowa\u0107 fa\u0142szywi policjanci. W tym momencie warto zwr\u00f3ci\u0107 uwag\u0119 na aktor\u00f3w graj\u0105cych \u201eczarne charaktery\u201d. To g\u0142\u00f3wnie aktorzy drugoplanowi z innych niemieckich produkcji. Dopiero w kolejnych seriach pojawiaj\u0105 si\u0119 \u201eprawdziwe \u0142otry\u201d prosto z Polski, m.in. Miros\u0142aw Zbrojewicz czy Mateusz Dopieralski.<\/p>\n<p style=\"text-align: center;\"><strong>Nagrywanie pierwszych odcink\u00f3w<\/strong><\/p>\n<p><a href=\"https:\/\/www.historiazkolemwtle.cal24.pl\/Blog\/wp-content\/uploads\/2025\/04\/afl1.jpg\"><img loading=\"lazy\" decoding=\"async\" class=\"size-medium wp-image-21172 aligncenter\" src=\"https:\/\/www.historiazkolemwtle.cal24.pl\/Blog\/wp-content\/uploads\/2025\/04\/afl1-300x225.jpg\" alt=\"\" width=\"300\" height=\"225\" srcset=\"https:\/\/www.historiazkolemwtle.cal24.pl\/Blog\/wp-content\/uploads\/2025\/04\/afl1-300x225.jpg 300w, https:\/\/www.historiazkolemwtle.cal24.pl\/Blog\/wp-content\/uploads\/2025\/04\/afl1.jpg 303w\" sizes=\"(max-width: 300px) 100vw, 300px\" \/><\/a><\/p>\n<p><a href=\"https:\/\/www.historiazkolemwtle.cal24.pl\/Blog\/wp-content\/uploads\/2025\/04\/afl3.jpg\"><img loading=\"lazy\" decoding=\"async\" class=\"size-medium wp-image-21173 aligncenter\" src=\"https:\/\/www.historiazkolemwtle.cal24.pl\/Blog\/wp-content\/uploads\/2025\/04\/afl3-300x225.jpg\" alt=\"\" width=\"300\" height=\"225\" srcset=\"https:\/\/www.historiazkolemwtle.cal24.pl\/Blog\/wp-content\/uploads\/2025\/04\/afl3-300x225.jpg 300w, https:\/\/www.historiazkolemwtle.cal24.pl\/Blog\/wp-content\/uploads\/2025\/04\/afl3.jpg 303w\" sizes=\"(max-width: 300px) 100vw, 300px\" \/><\/a><\/p>\n<p style=\"text-align: center;\">\u0179r\u00f3d\u0142o: RTL\/Henk Gerts Homepage<\/p>\n<p style=\"text-align: justify;\">Porwania dzieci, kradzie\u017ce, prostytutki? To rzeczywisto\u015b\u0107 Niemiec lat 90-tych i w niej drog\u00f3wka pe\u0142ni nieco inn\u0105 rol\u0119 ni\u017c zwykle. Tymczasem kr\u00f3tki, ale spektakularny po\u015bcig zalicza Anja i robi to co p\u00f3\u017aniej Semir i jego partnerzy &#8211; rozwala BMW wylatuj\u0105c przez nasyp usuwany z piachu. Tak, tradycj\u0119 rozpocz\u0119\u0142a kobieta. Tradycj\u0105 by\u0142 r\u00f3wnie\u017c humor i ukazanie r\u00f3\u017cnorodno\u015bci kulturowej Niemiec &#8211; od odcinka \u201eSamuraj\u201d cz\u0119sto wyst\u0119powali w nim aktorzy pochodzenia tureckiego, japo\u0144skiego czy hinduskiego w epizodycznych rolach, cz\u0119sto nie byli wymienieni w napisach ko\u0144cowych.<\/p>\n<p style=\"text-align: justify;\">Jako przeciwnika ma \u2026 kobiet\u0119, kt\u00f3ra obrabowa\u0142a bank, jest narkomank\u0105 i w\u0142a\u015bnie z przyjacielem uprowadzi\u0142a autobus wraz z pasa\u017cerami. To wszystko w 9. odcinku, kt\u00f3ry ko\u0144czy si\u0119 porwaniem autobusu i dzielnym nastolatkiem, kt\u00f3ry po postrzeleniu przez partnera porywaczki bohatersko zatrzymuje pojazd. W niejasnych okoliczno\u015bciach Frank odchodzi z pracy. Pojawia si\u0119 jako przes\u0142uchiwany \u015bwiadek w odcinku \u201eRyzyko\u201d. Ma to miejsce dopiero w 40. serii. Tak, w 40, gdy\u017c serial kr\u0119cono w kilku seriach &#8211; po dwie lub 3 serie w roku. Wraz z ka\u017cd\u0105 seri\u0105 ewoluowa\u0142 wygl\u0105d Semira.<\/p>\n<p style=\"text-align: justify;\">W pierwszej serii Semir ma d\u0142ugie w\u0142osy, jeszcze nie ma brody. P\u00f3\u017aniej b\u0119dzie zmienia\u0142 wygl\u0105d, ale zawsze to jego partner b\u0119dzie \u201etym\u201d \u0142adnym a Semir \u2026 nie, nie m\u0105drym, ale g\u0142\u00f3wnym bohaterem, wok\u00f3\u0142 kt\u00f3rego dzieje si\u0119 wi\u0119kszo\u015b\u0107 akcji w ka\u017cdym odcinku. Tymczasem to jego partnerzy b\u0119d\u0105 przyci\u0105ga\u0107 uwag\u0119 kobiet ogl\u0105daj\u0105cych serial w czwartkowe wieczory. To w\u0142a\u015bnie dla Andre Fuxa, Tom\u0105 Kranicha, Jana Richtera i Chrisa Rittera b\u0119d\u0105 z m\u0119\u017cem ogl\u0105da\u0107 ten serial. Na d\u0142ugo zapami\u0119taj\u0105 scen\u0119 z Andre wychodz\u0105cym z basenu (szczeg\u00f3\u0142\u00f3w nie zdradzimy).<\/p>\n<p style=\"text-align: justify;\">Druga seria by\u0142a ju\u017c zupe\u0142nie inna. Z dawnej obsady pozosta\u0142 jedynie Erdogan Atalay. Nowi aktorzy to nowe w\u0105tki. Coraz cz\u0119\u015bciej fabu\u0142a serialu dotyczy\u0142a ich rodzin i znajomych. W\u0105tek autostrady jedynie \u0142\u0105czy\u0142 wydarzenia w serialu. Pojawia\u0142 si\u0119 w pierwszej i ostatniej scenie. Z ka\u017cd\u0105 kolejn\u0105 seri\u0105 pojawia\u0142y si\u0119 inni aktorzy i nowe samochody a dawne sceny kaskaderskie zast\u0105pi\u0142y efekty specjalne z komputera (cho\u0107 nie zawsze). Pomimo 30 lat od rozpocz\u0119cia emisji \u201eAlarm dla Cobra 11\u201d to najwa\u017cniejsza produkcja RTL<span class=\"Apple-converted-space\">\u00a0 <\/span>i dow\u00f3d na to, \u017ce mo\u017cna nakr\u0119ci\u0107 serial, na kt\u00f3rym wychowaj\u0105 si\u0119 pokolenia fan\u00f3w motoryzacji.<\/p>\n","protected":false},"excerpt":{"rendered":"<p>Kiedy w 1994 roku stacja RTL otrzyma\u0142a scenariusz na nakr\u0119cenie serialu o policjantach nikt nie spodziewa\u0142 si\u0119, \u017ce rozpoczyna si\u0119 nowa historia trwaj\u0105ca ju\u017c 30 lat. Zwykle seriale o policjantach dotyczy\u0142y zab\u00f3jstw, mafii, przemocy domowej i rabunk\u00f3w. Pomys\u0142 na nowy serial by\u0142 zupe\u0142nie inny. Na pocz\u0105tku lat 90-tych ka\u017cdy Europejczyk chcia\u0142 przejecha\u0107 si\u0119 niemieck\u0105 autostrad\u0105,\u2026 <span class=\"read-more\"><a href=\"https:\/\/www.historiazkolemwtle.cal24.pl\/Blog\/2025\/04\/07\/pierwszy-sezon\/\">Dowiedz si\u0119 wi\u0119cej &raquo;<\/a><\/span><\/p>\n","protected":false},"author":1,"featured_media":21176,"comment_status":"closed","ping_status":"closed","sticky":false,"template":"","format":"standard","meta":{"footnotes":""},"categories":[5],"tags":[140,3533,1794,2317,3534,664,665],"class_list":["post-21167","post","type-post","status-publish","format-standard","has-post-thumbnail","hentry","category-historia","tag-cobra-11","tag-drogowka","tag-ford-sierra","tag-pojazdy-z-seriali","tag-rtl","tag-semir-gerkhan","tag-serial"],"rttpg_featured_image_url":{"full":["https:\/\/www.historiazkolemwtle.cal24.pl\/Blog\/wp-content\/uploads\/2025\/04\/sddefault.png",320,240,false],"landscape":["https:\/\/www.historiazkolemwtle.cal24.pl\/Blog\/wp-content\/uploads\/2025\/04\/sddefault.png",320,240,false],"portraits":["https:\/\/www.historiazkolemwtle.cal24.pl\/Blog\/wp-content\/uploads\/2025\/04\/sddefault.png",320,240,false],"thumbnail":["https:\/\/www.historiazkolemwtle.cal24.pl\/Blog\/wp-content\/uploads\/2025\/04\/sddefault-150x150.png",150,150,true],"medium":["https:\/\/www.historiazkolemwtle.cal24.pl\/Blog\/wp-content\/uploads\/2025\/04\/sddefault-300x225.png",300,225,true],"large":["https:\/\/www.historiazkolemwtle.cal24.pl\/Blog\/wp-content\/uploads\/2025\/04\/sddefault.png",320,240,false],"1536x1536":["https:\/\/www.historiazkolemwtle.cal24.pl\/Blog\/wp-content\/uploads\/2025\/04\/sddefault.png",320,240,false],"2048x2048":["https:\/\/www.historiazkolemwtle.cal24.pl\/Blog\/wp-content\/uploads\/2025\/04\/sddefault.png",320,240,false],"post-thumbnail":["https:\/\/www.historiazkolemwtle.cal24.pl\/Blog\/wp-content\/uploads\/2025\/04\/sddefault.png",320,240,false],"excerpt-thumbnail":["https:\/\/www.historiazkolemwtle.cal24.pl\/Blog\/wp-content\/uploads\/2025\/04\/sddefault-200x140.png",200,140,true],"excerpt-thumbnail-mobile":["https:\/\/www.historiazkolemwtle.cal24.pl\/Blog\/wp-content\/uploads\/2025\/04\/sddefault-320x200.png",320,200,true]},"rttpg_author":{"display_name":"Zbigniew Kluczkowski","author_link":"https:\/\/www.historiazkolemwtle.cal24.pl\/Blog\/author\/admin\/"},"rttpg_comment":0,"rttpg_category":"<a href=\"https:\/\/www.historiazkolemwtle.cal24.pl\/Blog\/category\/historia\/\" rel=\"category tag\">\"Historyczne\" wpisy<\/a>","rttpg_excerpt":"Kiedy w 1994 roku stacja RTL otrzyma\u0142a scenariusz na nakr\u0119cenie serialu o policjantach nikt nie spodziewa\u0142 si\u0119, \u017ce rozpoczyna si\u0119 nowa historia trwaj\u0105ca ju\u017c 30 lat. Zwykle seriale o policjantach dotyczy\u0142y zab\u00f3jstw, mafii, przemocy domowej i rabunk\u00f3w. Pomys\u0142 na nowy serial by\u0142 zupe\u0142nie inny. Na pocz\u0105tku lat 90-tych ka\u017cdy Europejczyk chcia\u0142 przejecha\u0107 si\u0119 niemieck\u0105 autostrad\u0105,\u2026&hellip;","_links":{"self":[{"href":"https:\/\/www.historiazkolemwtle.cal24.pl\/Blog\/wp-json\/wp\/v2\/posts\/21167","targetHints":{"allow":["GET"]}}],"collection":[{"href":"https:\/\/www.historiazkolemwtle.cal24.pl\/Blog\/wp-json\/wp\/v2\/posts"}],"about":[{"href":"https:\/\/www.historiazkolemwtle.cal24.pl\/Blog\/wp-json\/wp\/v2\/types\/post"}],"author":[{"embeddable":true,"href":"https:\/\/www.historiazkolemwtle.cal24.pl\/Blog\/wp-json\/wp\/v2\/users\/1"}],"replies":[{"embeddable":true,"href":"https:\/\/www.historiazkolemwtle.cal24.pl\/Blog\/wp-json\/wp\/v2\/comments?post=21167"}],"version-history":[{"count":3,"href":"https:\/\/www.historiazkolemwtle.cal24.pl\/Blog\/wp-json\/wp\/v2\/posts\/21167\/revisions"}],"predecessor-version":[{"id":21175,"href":"https:\/\/www.historiazkolemwtle.cal24.pl\/Blog\/wp-json\/wp\/v2\/posts\/21167\/revisions\/21175"}],"wp:featuredmedia":[{"embeddable":true,"href":"https:\/\/www.historiazkolemwtle.cal24.pl\/Blog\/wp-json\/wp\/v2\/media\/21176"}],"wp:attachment":[{"href":"https:\/\/www.historiazkolemwtle.cal24.pl\/Blog\/wp-json\/wp\/v2\/media?parent=21167"}],"wp:term":[{"taxonomy":"category","embeddable":true,"href":"https:\/\/www.historiazkolemwtle.cal24.pl\/Blog\/wp-json\/wp\/v2\/categories?post=21167"},{"taxonomy":"post_tag","embeddable":true,"href":"https:\/\/www.historiazkolemwtle.cal24.pl\/Blog\/wp-json\/wp\/v2\/tags?post=21167"}],"curies":[{"name":"wp","href":"https:\/\/api.w.org\/{rel}","templated":true}]}}