{"id":4333,"date":"2017-03-31T15:50:52","date_gmt":"2017-03-31T15:50:52","guid":{"rendered":"https:\/\/www.historiazkolemwtle.cal24.pl\/Blog\/?p=4333"},"modified":"2017-03-31T15:50:52","modified_gmt":"2017-03-31T15:50:52","slug":"zielone-pieklo","status":"publish","type":"post","link":"https:\/\/www.historiazkolemwtle.cal24.pl\/Blog\/2017\/03\/31\/zielone-pieklo\/","title":{"rendered":"Zielone piek\u0142o"},"content":{"rendered":"<p style=\"text-align: justify;\" align=\"JUSTIFY\">Do miejscowo\u015bci Nurburg w Nadrenii &#8211; Palatynacie mo\u017cna jecha\u0107 w r\u00f3\u017cnym celu. Dla przyk\u0142adu &#8211; mo\u017cna podziwia\u0107 \u015bredniowieczny zamek i przy odrobinie szcz\u0119\u015bcia natrafi\u0107 na jakiego\u015b zab\u0142\u0105kanego ducha, kt\u00f3ry jeszcze b\u0142\u0105ka si\u0119 pomi\u0119dzy naszym a tamtym &#8222;\u015bwiatem&#8221;. Wi\u0119kszo\u015b\u0107 turyst\u00f3w nie szuka duch\u00f3w na zamku a na drogach biegn\u0105cych wok\u00f3\u0142 tej miejscowo\u015bci. Tam w\u0142a\u015bnie mo\u017cna znale\u017a\u0107 ducha sportu motorowego. Drogi w tamtym regionie s\u0105 trudne i wymagaj\u0105 od kierowcy do\u015bwiadczenia i umiaru.<\/p>\n<p style=\"text-align: justify;\" align=\"JUSTIFY\">Od lat 20-tych Nurburg zalicza si\u0119 do kilku \u015bwi\u0119tych miejsc motoryzacji. To w\u0142a\u015bnie tu znajduje si\u0119 jeden z najbardziej znanych tor\u00f3w wy\u015bcigowych. Zanim jednak podj\u0119to decyzje o budowie zamkni\u0119tego toru wy\u015bcigowego, wcze\u015bniej zawody organizowano na tamtejszych drogach publicznych. Prace nad Nurburgringiem rozpocz\u0119to we wrze\u015bniu 1925 a zako\u0144czono nieca\u0142e dwa lata p\u00f3\u017aniej \u2013 wiosn\u0105 1927 roku. Jako pierwsze odbywa\u0142y si\u0119 tam puchary ADAC oraz Grand Prix Niemiec.<\/p>\n<p style=\"text-align: justify;\" align=\"JUSTIFY\">Pierwotnie tor mia\u0142 d\u0142ugo\u015b\u0107 28 km i 265 m. Kierunek jazdy \u2013 w prawo a zatem zgodnie ze wskaz\u00f3wkami zegara. W zale\u017cno\u015bci od miejsca pomiaru tor mia\u0142 pomi\u0119dzy 8 a 9 metr\u00f3w szeroko\u015bci. Podzielona na dwie cz\u0119\u015bci \u2013 p\u0119tl\u0119 po\u0142udniow\u0105 (7,747 km) oraz p\u00f3\u0142nocn\u0105 (22,810 km), trasa liczy\u0142a a\u017c 174 zakr\u0119ty. Ze wzgl\u0119du na ich zr\u00f3\u017cnicowanie tor uznawano za bardzo wymagaj\u0105cy, ale to w\u0142a\u015bnie tu\u00a0w latach 30-tych wygrywa\u0142y s\u0142ynne Srebrne Strza\u0142y zdobywaj\u0105ce liczne laury dla chwa\u0142y nazizmu\u00a0i kanclerza rzeszy (z wiadomych wzgl\u0119d\u00f3w &#8211; ma\u0142\u0105 liter\u0105).<\/p>\n<p style=\"text-align: center;\" align=\"justify\"><strong>GP Niemiec na torze Nurburgring w 1939 roku<\/strong><\/p>\n<p style=\"text-align: center;\" align=\"justify\"><a href=\"https:\/\/www.historiazkolemwtle.cal24.pl\/Blog\/wp-content\/uploads\/2017\/03\/Mercedes-Benz-History-Biography-Rudolf-Caracciola451460_757983_3447_2519_62761132605.jpg\"><img fetchpriority=\"high\" decoding=\"async\" class=\" wp-image-4336 aligncenter\" src=\"https:\/\/www.historiazkolemwtle.cal24.pl\/Blog\/wp-content\/uploads\/2017\/03\/Mercedes-Benz-History-Biography-Rudolf-Caracciola451460_757983_3447_2519_62761132605-300x219.jpg\" alt=\"\" width=\"315\" height=\"230\" srcset=\"https:\/\/www.historiazkolemwtle.cal24.pl\/Blog\/wp-content\/uploads\/2017\/03\/Mercedes-Benz-History-Biography-Rudolf-Caracciola451460_757983_3447_2519_62761132605-300x219.jpg 300w, https:\/\/www.historiazkolemwtle.cal24.pl\/Blog\/wp-content\/uploads\/2017\/03\/Mercedes-Benz-History-Biography-Rudolf-Caracciola451460_757983_3447_2519_62761132605-768x561.jpg 768w, https:\/\/www.historiazkolemwtle.cal24.pl\/Blog\/wp-content\/uploads\/2017\/03\/Mercedes-Benz-History-Biography-Rudolf-Caracciola451460_757983_3447_2519_62761132605-1024x748.jpg 1024w, https:\/\/www.historiazkolemwtle.cal24.pl\/Blog\/wp-content\/uploads\/2017\/03\/Mercedes-Benz-History-Biography-Rudolf-Caracciola451460_757983_3447_2519_62761132605-1170x855.jpg 1170w, https:\/\/www.historiazkolemwtle.cal24.pl\/Blog\/wp-content\/uploads\/2017\/03\/Mercedes-Benz-History-Biography-Rudolf-Caracciola451460_757983_3447_2519_62761132605.jpg 1200w\" sizes=\"(max-width: 315px) 100vw, 315px\" \/><\/a><\/p>\n<p style=\"text-align: center;\" align=\"justify\">\u0179r\u00f3d\u0142o: Mercedes-Benz<\/p>\n<p style=\"text-align: justify;\" align=\"JUSTIFY\">Po wojnie Nurburgring sta\u0142 si\u0119 aren\u0105 dla wy\u015bcig\u00f3w Formu\u0142y 1 oraz d\u0142ugodystansowych. Tor powoli przestawa\u0142 by\u0107 bezpieczny i w miar\u0119 wzrostu osi\u0105g\u00f3w maszyn nie nadawa\u0142 si\u0119 do jazdy wyczynowej. W latach 60-tych, po protestach ze strony kierowc\u00f3w i przeniesieniu zawod\u00f3w na Hokenheimring, zosta\u0142 gruntownie przebudowany. Jednak do wy\u015bcig\u00f3w F1 nie nadawa\u0142 si\u0119, gdy\u017c by\u0142 zbyt d\u0142ugi i nadal niebezpieczny. Pomi\u0119dzy 1977\u00a0a 1984 rokiem nie rozegrano na nim wy\u015bcigu F1. Do kalendarza imprez wr\u00f3ci\u0142 w 1985 roku.<\/p>\n<p style=\"text-align: justify;\" align=\"JUSTIFY\">Dla fan\u00f3w szybko\u015bci szczeg\u00f3ln\u0105 rol\u0119 pe\u0142ni P\u0119tla P\u00f3\u0142nocna. Tam pada\u0142o wiele istotnych rekord\u00f3w pr\u0119dko\u015bci. Trasa by\u0142a trudna technicznie i dost\u0119pna tylko dla \u015bmia\u0142k\u00f3w. Dopiero Niki Lauda w 1975 roku pokona\u0142 j\u0105 w czasie poni\u017cej 7 minut. P\u0119tla wkr\u00f3tce si\u0119 za to odp\u0142aci\u0142a \u2013 to na niej Lauda mia\u0142 powa\u017cny wypadek. 8 lat p\u00f3\u017aniej zbli\u017cono si\u0119 do magicznej granicy 6 minut \u2013 prowadzone przez Stefana Bellona Porsche 956 uzyska\u0142o czas 6 minut i 11 sekund\u00a0a pr\u0119dko\u015b\u0107 \u015brednia wynios\u0142a nieca\u0142e 202 km\/h.<\/p>\n<p style=\"text-align: center;\" align=\"justify\"><strong>Wypadek Laudy w 1976 r.<\/strong><\/p>\n<p style=\"text-align: center;\" align=\"justify\"><a href=\"https:\/\/www.historiazkolemwtle.cal24.pl\/Blog\/wp-content\/uploads\/2017\/03\/0.jpg\"><img decoding=\"async\" class=\" wp-image-4337 aligncenter\" src=\"https:\/\/www.historiazkolemwtle.cal24.pl\/Blog\/wp-content\/uploads\/2017\/03\/0-300x154.jpg\" alt=\"\" width=\"329\" height=\"169\" srcset=\"https:\/\/www.historiazkolemwtle.cal24.pl\/Blog\/wp-content\/uploads\/2017\/03\/0-300x154.jpg 300w, https:\/\/www.historiazkolemwtle.cal24.pl\/Blog\/wp-content\/uploads\/2017\/03\/0.jpg 459w\" sizes=\"(max-width: 329px) 100vw, 329px\" \/><\/a><\/p>\n<p style=\"text-align: center;\" align=\"justify\">\u0179r\u00f3d\u0142o: World News<\/p>\n<p style=\"text-align: justify;\" align=\"JUSTIFY\">Nie by\u0142 to jednak ten sam tor co w latach 30-tych. P\u0119tl\u0119 p\u00f3\u0142nocn\u0105 skr\u00f3cono do 20,8 km i rozpocz\u0119to prac\u0119 nad mniejszym torem o d\u0142ugo\u015bci 4,5 km dla potrzeb F1. Uko\u0144czony w 1984 roku nowy tor spe\u0142nia\u0142 ju\u017c wszystkie normy i zaledwie rok p\u00f3\u017aniej zorganizowano na nim pierwsze zawody tej serii. W 2002 roku wyd\u0142u\u017cono go o kolejne kilkaset metr\u00f3w. Od tego momentu ta cz\u0119\u015b\u0107 toru liczy\u0142a 5148 metr\u00f3w d\u0142ugo\u015bci. W 2011 roku najszybsza by\u0142a tam Srebrna Strza\u0142a prowadzona przez Lewisa Hamiltona.<\/p>\n<p style=\"text-align: justify;\" align=\"JUSTIFY\">Czy Nurburgring to tylko Formu\u0142a 1? Nie,\u00a0na P\u0119tli P\u00f3\u0142nocnej odbywaj\u0105 si\u0119 zawody wielu serii wy\u015bcigowych. Trasa niekt\u00f3rych przebiega cz\u0119\u015bciowo r\u00f3wnie\u017c przez tor przeznaczony dla F1. Rozrywane s\u0105 tu zar\u00f3wno wy\u015bcigi motocyklowe jak i wy\u015bcigi &#8230; ci\u0119\u017car\u00f3wek. Zar\u00f3wno seria DTM jak i puchary markowe, w kt\u00f3rych startuj\u0105 te same modele jednej marki po prostu musz\u0105 rozegra\u0107 tu jedn\u0105 rund\u0119 mistrzostw. W zasadzie mo\u017cna na nim zorganizowa\u0107 ka\u017cde zawody motorowe, oczywi\u015bcie bez rallycrossu i motocrossu.<\/p>\n<p style=\"text-align: justify;\" align=\"JUSTIFY\">Na torze Nurburgring corocznie w po\u0142owie czerwca zje\u017cd\u017ca wielu pasjonat\u00f3w po to, aby uczestniczy\u0107 w 24 \u2013 godzinnym wy\u015bcigu. Uczestnicy podzieleni s\u0105 na wiele r\u00f3\u017cnych klas. W rywalizacji uczestniczy ponad 200 aut oraz 700 kierowc\u00f3w a zakres mocy ich pojazd\u00f3w waha si\u0119 w przedziale od nieco ponad 100 do kilkuset KM. Startuj\u0105 w nim samochody zar\u00f3wno najta\u0144sze jak i te w milionowych cenach. Mo\u017cna zobaczy\u0107 takie &#8222;rodzynki&#8221; jak wy\u015bcigowe Subaru, Pagani czy Koenigsegg. Kierowcy po prostu startuj\u0105 na tym, co maj\u0105.<\/p>\n<p style=\"text-align: center;\" align=\"justify\"><strong>Obecny uk\u0142ad P\u0119tli P\u00f3\u0142nocnej<\/strong><\/p>\n<p style=\"text-align: center;\" align=\"justify\"><a href=\"https:\/\/www.historiazkolemwtle.cal24.pl\/Blog\/wp-content\/uploads\/2017\/03\/Nuerburgring-Nordschleife.png\"><img decoding=\"async\" class=\"alignnone size-medium wp-image-4340\" src=\"https:\/\/www.historiazkolemwtle.cal24.pl\/Blog\/wp-content\/uploads\/2017\/03\/Nuerburgring-Nordschleife-300x286.png\" alt=\"\" width=\"300\" height=\"286\" srcset=\"https:\/\/www.historiazkolemwtle.cal24.pl\/Blog\/wp-content\/uploads\/2017\/03\/Nuerburgring-Nordschleife-300x286.png 300w, https:\/\/www.historiazkolemwtle.cal24.pl\/Blog\/wp-content\/uploads\/2017\/03\/Nuerburgring-Nordschleife-768x732.png 768w, https:\/\/www.historiazkolemwtle.cal24.pl\/Blog\/wp-content\/uploads\/2017\/03\/Nuerburgring-Nordschleife-1024x976.png 1024w, https:\/\/www.historiazkolemwtle.cal24.pl\/Blog\/wp-content\/uploads\/2017\/03\/Nuerburgring-Nordschleife-1170x1116.png 1170w, https:\/\/www.historiazkolemwtle.cal24.pl\/Blog\/wp-content\/uploads\/2017\/03\/Nuerburgring-Nordschleife.png 1739w\" sizes=\"(max-width: 300px) 100vw, 300px\" \/><\/a><\/p>\n<p style=\"text-align: center;\" align=\"justify\">\u0179r\u00f3d\u0142o: \u00a0thingiverse<\/p>\n<p style=\"text-align: justify;\" align=\"JUSTIFY\">Tor zazwyczaj jest obiektem zamkni\u0119tym. Zazwyczaj, dlatego \u017ce w godzinach wieczornych oraz w niedziel\u0119, gdy jest ju\u017c po zawodach ka\u017cdy, kto posiada prawo jazdy i sprawny technicznie pojazd mo\u017ce przekona\u0107 si\u0119 jak naprawd\u0119 trudny jest to tor. Wystarczy tylko oko\u0142o 30 euro za jedno okr\u0105\u017cenie. Je\u017celi nie masz auta \u00a0\u2013 na torze dzia\u0142a sie\u0107 wypo\u017cyczalni, gdzie mo\u017cesz spe\u0142ni\u0107 niejedno marzenie z dzieci\u0144stwa. Oczywi\u015bcie za stosown\u0105 op\u0142at\u0105 uzale\u017cnion\u0105 od klasy pojazdu (nawet kilka tysi\u0119cy euro!).\u00a0Wtedy w\u00f3wczas mo\u017cna si\u0119 przekona\u0107, \u017ce \u201ezielone piek\u0142o\u201d \u2013 jak nazwa\u0142 ten tor Jackie Stewart, naprawd\u0119 istnieje.<\/p>\n<p style=\"text-align: justify;\" align=\"JUSTIFY\">Niestety, w 2012 roku nad torem zawis\u0142o widmo kryzysu i jego w\u0142adze og\u0142osi\u0142y upad\u0142o\u015b\u0107. Nikt nie chcia\u0142 wyda\u0107 bajo\u0144skiej sumy 132 mln euro za tor wraz z przyleg\u0142ym kompleksem hotelowo-wypoczynkowym. Na szcz\u0119\u015bcie ameryka\u0144skie konsorcjum dwa lata p\u00f3\u017aniej kupi\u0142o ca\u0142y kompleks i tor za &#8230; 70 mln euro, ale z klauzul\u0105, \u017ce nie b\u0119dzie znacz\u0105cych zmian w kszta\u0142cie ani w dotychczasowym sposobie funkcjonowania., tzn. nadal b\u0119d\u0105 rozgrywane zawody a w wolnym czasie ka\u017cdy b\u0119dzie m\u00f3g\u0142 z niego korzysta\u0107.<\/p>\n<p style=\"text-align: justify;\" align=\"JUSTIFY\">Gdy jednak nie mamy a\u017c takich funduszy lub nie chce nam si\u0119 jecha\u0107 do Niemiec &#8211; zawsze pozostaje konsola do gier. W wielu seriach gier, np. w Gran Turismo, Forza czy Need for Speed mo\u017cna bez \u017cadnych obaw do\u015bwiadczy\u0107 jazdy na tym torze. Nic jednak nie zast\u0105pi prawdziwego do\u015bwiadczenia trud\u00f3w jazdy na Nurburgringu. Niezale\u017cnie od tego czy prowadzimy Golfa GTI czy Bugatti Veyron &#8211; jest to niesamowite prze\u017cycie. Przy okazji mo\u017cemy pobi\u0107 kolejny rekord. Kto wie?<\/p>\n","protected":false},"excerpt":{"rendered":"<p>Do miejscowo\u015bci Nurburg w Nadrenii &#8211; Palatynacie mo\u017cna jecha\u0107 w r\u00f3\u017cnym celu. Dla przyk\u0142adu &#8211; mo\u017cna podziwia\u0107 \u015bredniowieczny zamek i przy odrobinie szcz\u0119\u015bcia natrafi\u0107 na jakiego\u015b zab\u0142\u0105kanego ducha, kt\u00f3ry jeszcze b\u0142\u0105ka si\u0119 pomi\u0119dzy naszym a tamtym &#8222;\u015bwiatem&#8221;. Wi\u0119kszo\u015b\u0107 turyst\u00f3w nie szuka duch\u00f3w na zamku a na drogach biegn\u0105cych wok\u00f3\u0142 tej miejscowo\u015bci. Tam w\u0142a\u015bnie mo\u017cna znale\u017a\u0107\u2026 <span class=\"read-more\"><a href=\"https:\/\/www.historiazkolemwtle.cal24.pl\/Blog\/2017\/03\/31\/zielone-pieklo\/\">Dowiedz si\u0119 wi\u0119cej &raquo;<\/a><\/span><\/p>\n","protected":false},"author":1,"featured_media":4341,"comment_status":"open","ping_status":"open","sticky":false,"template":"","format":"standard","meta":{"footnotes":""},"categories":[5],"tags":[251,1104,1105,1106,899],"class_list":["post-4333","post","type-post","status-publish","format-standard","has-post-thumbnail","hentry","category-historia","tag-grand-prix","tag-nurburg","tag-nurburgring","tag-tory-wyscigowe","tag-wyscigi-dlugodystansowe"],"rttpg_featured_image_url":{"full":["https:\/\/www.historiazkolemwtle.cal24.pl\/Blog\/wp-content\/uploads\/2017\/03\/vln2_11-1.jpg",320,240,false],"landscape":["https:\/\/www.historiazkolemwtle.cal24.pl\/Blog\/wp-content\/uploads\/2017\/03\/vln2_11-1.jpg",320,240,false],"portraits":["https:\/\/www.historiazkolemwtle.cal24.pl\/Blog\/wp-content\/uploads\/2017\/03\/vln2_11-1.jpg",320,240,false],"thumbnail":["https:\/\/www.historiazkolemwtle.cal24.pl\/Blog\/wp-content\/uploads\/2017\/03\/vln2_11-1-150x150.jpg",150,150,true],"medium":["https:\/\/www.historiazkolemwtle.cal24.pl\/Blog\/wp-content\/uploads\/2017\/03\/vln2_11-1-300x225.jpg",300,225,true],"large":["https:\/\/www.historiazkolemwtle.cal24.pl\/Blog\/wp-content\/uploads\/2017\/03\/vln2_11-1.jpg",320,240,false],"1536x1536":["https:\/\/www.historiazkolemwtle.cal24.pl\/Blog\/wp-content\/uploads\/2017\/03\/vln2_11-1.jpg",320,240,false],"2048x2048":["https:\/\/www.historiazkolemwtle.cal24.pl\/Blog\/wp-content\/uploads\/2017\/03\/vln2_11-1.jpg",320,240,false],"post-thumbnail":["https:\/\/www.historiazkolemwtle.cal24.pl\/Blog\/wp-content\/uploads\/2017\/03\/vln2_11-1.jpg",320,240,false],"excerpt-thumbnail":["https:\/\/www.historiazkolemwtle.cal24.pl\/Blog\/wp-content\/uploads\/2017\/03\/vln2_11-1.jpg",187,140,false],"excerpt-thumbnail-mobile":["https:\/\/www.historiazkolemwtle.cal24.pl\/Blog\/wp-content\/uploads\/2017\/03\/vln2_11-1.jpg",267,200,false]},"rttpg_author":{"display_name":"Zbigniew Kluczkowski","author_link":"https:\/\/www.historiazkolemwtle.cal24.pl\/Blog\/author\/admin\/"},"rttpg_comment":0,"rttpg_category":"<a href=\"https:\/\/www.historiazkolemwtle.cal24.pl\/Blog\/category\/historia\/\" rel=\"category tag\">\"Historyczne\" wpisy<\/a>","rttpg_excerpt":"Do miejscowo\u015bci Nurburg w Nadrenii &#8211; Palatynacie mo\u017cna jecha\u0107 w r\u00f3\u017cnym celu. Dla przyk\u0142adu &#8211; mo\u017cna podziwia\u0107 \u015bredniowieczny zamek i przy odrobinie szcz\u0119\u015bcia natrafi\u0107 na jakiego\u015b zab\u0142\u0105kanego ducha, kt\u00f3ry jeszcze b\u0142\u0105ka si\u0119 pomi\u0119dzy naszym a tamtym &#8222;\u015bwiatem&#8221;. Wi\u0119kszo\u015b\u0107 turyst\u00f3w nie szuka duch\u00f3w na zamku a na drogach biegn\u0105cych wok\u00f3\u0142 tej miejscowo\u015bci. Tam w\u0142a\u015bnie mo\u017cna znale\u017a\u0107\u2026&hellip;","_links":{"self":[{"href":"https:\/\/www.historiazkolemwtle.cal24.pl\/Blog\/wp-json\/wp\/v2\/posts\/4333","targetHints":{"allow":["GET"]}}],"collection":[{"href":"https:\/\/www.historiazkolemwtle.cal24.pl\/Blog\/wp-json\/wp\/v2\/posts"}],"about":[{"href":"https:\/\/www.historiazkolemwtle.cal24.pl\/Blog\/wp-json\/wp\/v2\/types\/post"}],"author":[{"embeddable":true,"href":"https:\/\/www.historiazkolemwtle.cal24.pl\/Blog\/wp-json\/wp\/v2\/users\/1"}],"replies":[{"embeddable":true,"href":"https:\/\/www.historiazkolemwtle.cal24.pl\/Blog\/wp-json\/wp\/v2\/comments?post=4333"}],"version-history":[{"count":8,"href":"https:\/\/www.historiazkolemwtle.cal24.pl\/Blog\/wp-json\/wp\/v2\/posts\/4333\/revisions"}],"predecessor-version":[{"id":4347,"href":"https:\/\/www.historiazkolemwtle.cal24.pl\/Blog\/wp-json\/wp\/v2\/posts\/4333\/revisions\/4347"}],"wp:featuredmedia":[{"embeddable":true,"href":"https:\/\/www.historiazkolemwtle.cal24.pl\/Blog\/wp-json\/wp\/v2\/media\/4341"}],"wp:attachment":[{"href":"https:\/\/www.historiazkolemwtle.cal24.pl\/Blog\/wp-json\/wp\/v2\/media?parent=4333"}],"wp:term":[{"taxonomy":"category","embeddable":true,"href":"https:\/\/www.historiazkolemwtle.cal24.pl\/Blog\/wp-json\/wp\/v2\/categories?post=4333"},{"taxonomy":"post_tag","embeddable":true,"href":"https:\/\/www.historiazkolemwtle.cal24.pl\/Blog\/wp-json\/wp\/v2\/tags?post=4333"}],"curies":[{"name":"wp","href":"https:\/\/api.w.org\/{rel}","templated":true}]}}