{"id":6145,"date":"2018-05-25T08:05:00","date_gmt":"2018-05-25T07:05:00","guid":{"rendered":"https:\/\/www.historiazkolemwtle.cal24.pl\/Blog\/?p=6145"},"modified":"2022-01-22T15:25:16","modified_gmt":"2022-01-22T14:25:16","slug":"50-twarzy-golfa-czesc-pierwsza-golf-mk-1","status":"publish","type":"post","link":"https:\/\/www.historiazkolemwtle.cal24.pl\/Blog\/2018\/05\/25\/50-twarzy-golfa-czesc-pierwsza-golf-mk-1\/","title":{"rendered":"50 twarzy &#8230; Golfa, cz\u0119\u015b\u0107 pierwsza &#8211; Golf Mk 1"},"content":{"rendered":"<p style=\"text-align: center;\">{Ten tekst jest pisany w j\u0119zyku osoby, kt\u00f3ra woli pcha\u0107 Alf\u0119 ni\u017c je\u017adzi\u0107 Golfem.}<\/p>\n<p style=\"text-align: justify;\"><strong>Golf, Volkswagen Golf &#8211; synonim motoryzacyjnej nudy i poprawno\u015bci.<\/strong> Nowy to marzenie, stary to &#8222;motobieda&#8221; dla rozs\u0105dnych. Ju\u017c ponad 40 lat straszy na naszych ulicach. W\u015br\u00f3d &#8222;motomianiak\u00f3w&#8221; nie budzi zachwytu a raczej u\u015bmiech politowania. Nigdy bez wspomagania w postaci podtlenku &#8222;lepszego pa\u0142era&#8221;, w wi\u0119kszo\u015bci jako TDI. Trzyma cen\u0119, je\u017adzi poprawnie i nie chce si\u0119 zmienia\u0107 &#8211; po prostu chce by\u0107 Golfem. W tym zestawieniu znajdziecie 50 Golf\u00f3w i wybor\u00f3w &#8222;golfopodobnych&#8221;. Celem tego zestawienia jest odpowied\u017a na pytanie &#8211; jaki jest Golf? Jak powsta\u0142 i jak si\u0119 zmienia\u0142. Zaczynamy.<\/p>\n<p style=\"text-align: justify;\"><strong>VW Garbus (1937) <\/strong>&#8211; chluba nazistowskiej propagandy i podobno kopia Tatry, kt\u00f3r\u0105 sam dr Porsche &#8222;zwin\u0105\u0142&#8221; z czechos\u0142owackich zak\u0142ad\u00f3w. Samoch\u00f3d dla wiejskiego lekarza bez ogrzewanego gara\u017cu, ale przede wszystkim &#8230; ojciec sukcesu VW i przodek Golfa. Garbus potrzebowa\u0142 nast\u0119pcy ju\u017c pod koniec lat 50-tych, co zmusi\u0142o VW do prac nad nast\u0119pc\u0105. Niestety jeszcze w latach 70-tych w produkcji pozostawa\u0142y modele oparte na przedwojennym Garbusie (np. VW Transporter). Prototypy pozostawa\u0142y w gara\u017cach.<\/p>\n<p style=\"text-align: center;\"><strong>Reklama VW z lat 30-tych<\/strong><\/p>\n<p><a href=\"https:\/\/www.historiazkolemwtle.cal24.pl\/Blog\/wp-content\/uploads\/2018\/05\/vw11-1.jpg\"><img fetchpriority=\"high\" decoding=\"async\" class=\"aligncenter wp-image-6152\" src=\"https:\/\/www.historiazkolemwtle.cal24.pl\/Blog\/wp-content\/uploads\/2018\/05\/vw11-1-300x209.jpg\" alt=\"\" width=\"310\" height=\"216\" srcset=\"https:\/\/www.historiazkolemwtle.cal24.pl\/Blog\/wp-content\/uploads\/2018\/05\/vw11-1-300x209.jpg 300w, https:\/\/www.historiazkolemwtle.cal24.pl\/Blog\/wp-content\/uploads\/2018\/05\/vw11-1.jpg 463w\" sizes=\"(max-width: 310px) 100vw, 310px\" \/><\/a><\/p>\n<p style=\"text-align: center;\">\u0179r\u00f3d\u0142o: motorpasion.com<\/p>\n<p style=\"text-align: justify;\"><strong>VW EA 48 (1954)<\/strong> &#8211; pierwsza pr\u00f3ba VW z silnikiem umieszczonym z przodu. Tylko 3,4 metra d\u0142ugo\u015bci w limuzynie bez trzeciej bry\u0142y, ale VW odkry\u0142 zupe\u0142nie now\u0105 \u015bcie\u017ck\u0119 rozwoju. Mo\u017cna? Jedynym problemem by\u0142 ma\u0142y silnik o poj. 0.6 dm<sup>3\u00a0<\/sup>i mocy 18 KM &#8211; za s\u0142aby nawet dla konstrukcji wa\u017c\u0105cej poni\u017cej 600 kg. &#8222;Pontonowa&#8221; karoseria mie\u015bci\u0142a 4 osoby i 180 dm<sup>3\u00a0<\/sup>baga\u017cy, ale nie mie\u015bci\u0142a si\u0119 w rozumie w\u0142adz VW &#8211; przecie\u017c &#8222;silnik ma by\u0107 z ty\u0142u&#8221;. &#8222;Korporacyjny beton&#8221; da upust swojemu uporowi dopiero 20 lat p\u00f3\u017aniej.<\/p>\n<p style=\"text-align: center;\"><strong>VW EA 48<\/strong><\/p>\n<p><a href=\"https:\/\/www.historiazkolemwtle.cal24.pl\/Blog\/wp-content\/uploads\/2018\/05\/maxresdefault.jpg\"><img decoding=\"async\" class=\"aligncenter wp-image-6153\" src=\"https:\/\/www.historiazkolemwtle.cal24.pl\/Blog\/wp-content\/uploads\/2018\/05\/maxresdefault-300x169.jpg\" alt=\"\" width=\"315\" height=\"177\" srcset=\"https:\/\/www.historiazkolemwtle.cal24.pl\/Blog\/wp-content\/uploads\/2018\/05\/maxresdefault-300x169.jpg 300w, https:\/\/www.historiazkolemwtle.cal24.pl\/Blog\/wp-content\/uploads\/2018\/05\/maxresdefault-768x432.jpg 768w, https:\/\/www.historiazkolemwtle.cal24.pl\/Blog\/wp-content\/uploads\/2018\/05\/maxresdefault-1024x576.jpg 1024w, https:\/\/www.historiazkolemwtle.cal24.pl\/Blog\/wp-content\/uploads\/2018\/05\/maxresdefault-1170x658.jpg 1170w, https:\/\/www.historiazkolemwtle.cal24.pl\/Blog\/wp-content\/uploads\/2018\/05\/maxresdefault.jpg 1280w\" sizes=\"(max-width: 315px) 100vw, 315px\" \/><\/a><\/p>\n<p style=\"text-align: center;\">\u0179r\u00f3d\u0142o: VW<\/p>\n<p style=\"text-align: justify;\"><strong>VW EA 235 (1967)<\/strong> &#8211; pojemno\u015b\u0107 ok. 1,2 dm<sup>3<\/sup> \u00a0i silnik ch\u0142odzony ciecz\u0105? Nic z tego. Takie by\u0142y za\u0142o\u017cenia projektant\u00f3w, ale w\u0142adze nadal by\u0142y przekonane, \u017ce silnik z ty\u0142u i powietrzne ch\u0142odzenie to jedyne, co mo\u017ce zaoferowa\u0107 VW. Najwa\u017cniejsze, \u017ce nadwozie nabra\u0142o &#8222;kanciasto\u015bci&#8221; dzi\u0119ki czemu by\u0142o bardziej praktyczne. Ze zdj\u0119cia mo\u017cna wyczyta\u0107 najlepsze wzorce w tej klasie &#8211; Renault 16 i &#8230; Syren\u0119 110. Mened\u017cerowie VW zobaczyli w nim przysz\u0142o\u015b\u0107 marki, ale &#8222;tak za kilkana\u015bcie lat&#8221;. Nie chcieli podj\u0105\u0107 ryzyka dlatego powsta\u0142o &#8222;co\u015b&#8221; jeszcze.<\/p>\n<p style=\"text-align: center;\"><strong>VW EA 235<\/strong><\/p>\n<p style=\"text-align: center;\"><a href=\"https:\/\/www.historiazkolemwtle.cal24.pl\/Blog\/wp-content\/uploads\/2018\/05\/2bd46fcb52d872129f942b5444c2dff4.jpg\"><img decoding=\"async\" class=\"aligncenter wp-image-6154\" src=\"https:\/\/www.historiazkolemwtle.cal24.pl\/Blog\/wp-content\/uploads\/2018\/05\/2bd46fcb52d872129f942b5444c2dff4-300x225.jpg\" alt=\"\" width=\"310\" height=\"233\" srcset=\"https:\/\/www.historiazkolemwtle.cal24.pl\/Blog\/wp-content\/uploads\/2018\/05\/2bd46fcb52d872129f942b5444c2dff4-300x225.jpg 300w, https:\/\/www.historiazkolemwtle.cal24.pl\/Blog\/wp-content\/uploads\/2018\/05\/2bd46fcb52d872129f942b5444c2dff4-768x576.jpg 768w, https:\/\/www.historiazkolemwtle.cal24.pl\/Blog\/wp-content\/uploads\/2018\/05\/2bd46fcb52d872129f942b5444c2dff4.jpg 938w\" sizes=\"(max-width: 310px) 100vw, 310px\" \/><\/a>\u0179r\u00f3d\u0142o: VW<\/p>\n<p style=\"text-align: justify;\"><strong>VW EA 266 (1969)<\/strong> &#8211; znowu? (&#8222;Czy Wy jeste\u015bcie normalni?&#8221;). Nowoczesne nadwozie z &#8222;kaczym dziobem&#8221; i silnikiem le\u017c\u0105cym pod tyln\u0105 kanap\u0105? Tak, to jest koncepcja, kt\u00f3ra w produkcji seryjnej zadebiutowa\u0142a jako Polo i Audi 50. Porsche, kt\u00f3re opracowa\u0142o prototyp szacowa\u0142o, \u017ce rozpocz\u0119cie produkcji poch\u0142onie &#8230; miliard marek. Dla Porsche to &#8222;piku\u015b&#8221;, ale VW na prze\u0142omie lat 60 i 70-tych zarabia\u0142 g\u0142\u00f3wnie na Transporterze. Wi\u0119kszo\u015b\u0107 klient\u00f3w chcia\u0142a nowoczesnego modelu wi\u0119c kupowali francuskie lub brytyjskie modele z silnikiem z przodu i przednim nap\u0119dem.<\/p>\n<p style=\"text-align: center;\"><strong>VW EA 266<\/strong><\/p>\n<p style=\"text-align: center;\"><a href=\"https:\/\/www.historiazkolemwtle.cal24.pl\/Blog\/wp-content\/uploads\/2018\/05\/polo.jpeg\"><img loading=\"lazy\" decoding=\"async\" class=\"aligncenter wp-image-6156\" src=\"https:\/\/www.historiazkolemwtle.cal24.pl\/Blog\/wp-content\/uploads\/2018\/05\/polo-300x122.jpeg\" alt=\"\" width=\"330\" height=\"134\" srcset=\"https:\/\/www.historiazkolemwtle.cal24.pl\/Blog\/wp-content\/uploads\/2018\/05\/polo-300x122.jpeg 300w, https:\/\/www.historiazkolemwtle.cal24.pl\/Blog\/wp-content\/uploads\/2018\/05\/polo-768x312.jpeg 768w, https:\/\/www.historiazkolemwtle.cal24.pl\/Blog\/wp-content\/uploads\/2018\/05\/polo-1024x416.jpeg 1024w, https:\/\/www.historiazkolemwtle.cal24.pl\/Blog\/wp-content\/uploads\/2018\/05\/polo.jpeg 1151w\" sizes=\"(max-width: 330px) 100vw, 330px\" \/><\/a>\u0179r\u00f3d\u0142o: VW<a href=\"https:\/\/www.historiazkolemwtle.cal24.pl\/Blog\/wp-content\/uploads\/2018\/05\/85dcd10c2d508bfad12654c176151e79.jpg\"><br \/>\n<\/a><\/p>\n<p style=\"text-align: justify;\"><strong>VW EA 276 (1969)<\/strong> &#8211; bardziej Audi ni\u017c VW. Konstrukcja NSU, kt\u00f3ra by\u0142a ewolucj\u0105 modelu &#8222;235&#8221;. Pod karoseri\u0105 godn\u0105 segmentu premium &#8230; 44 &#8211; konny silnik od Garbusa. Wizualnie &#8211; bardziej GTI ni\u017c standardowy Golf. W zasadzie wystarczy\u0142o zmieni\u0107 nap\u0119d na &#8222;normalny&#8221; i ju\u017c mo\u017cna produkowa\u0107 w milionach sztuk. W\u0142adzom VW podoba\u0142o si\u0119 ascetyczne wn\u0119trze, lekko\u015b\u0107 i zwarto\u015b\u0107 konstrukcji. Niestety przeszkadza\u0142a tylna klapa z progiem za\u0142adunku jak w Transporterze &#8211; to na &#8222;wszelki wypadek&#8221;, gdyby silnik mia\u0142 by\u0107 z ty\u0142u.<\/p>\n<p style=\"text-align: center;\"><strong>VW EA 276<\/strong><\/p>\n<p><a href=\"https:\/\/www.historiazkolemwtle.cal24.pl\/Blog\/wp-content\/uploads\/2018\/05\/1969_volkswagen_EA_276_20_5aabc11730b68.jpg\"><img loading=\"lazy\" decoding=\"async\" class=\"aligncenter wp-image-6158\" src=\"https:\/\/www.historiazkolemwtle.cal24.pl\/Blog\/wp-content\/uploads\/2018\/05\/1969_volkswagen_EA_276_20_5aabc11730b68-300x174.jpg\" alt=\"\" width=\"320\" height=\"185\" srcset=\"https:\/\/www.historiazkolemwtle.cal24.pl\/Blog\/wp-content\/uploads\/2018\/05\/1969_volkswagen_EA_276_20_5aabc11730b68-300x174.jpg 300w, https:\/\/www.historiazkolemwtle.cal24.pl\/Blog\/wp-content\/uploads\/2018\/05\/1969_volkswagen_EA_276_20_5aabc11730b68.jpg 760w\" sizes=\"(max-width: 320px) 100vw, 320px\" \/><\/a><\/p>\n<p style=\"text-align: center;\">\u0179r\u00f3d\u0142o: hemmings.com<\/p>\n<p style=\"text-align: justify;\"><strong>VW Typ A Giugiaro Prototipo (1970)<\/strong> &#8211; &#8222;ju\u017c za chwileczk\u0119, ju\u017c za momencik&#8221;. Lekka bry\u0142a, inne proporcje i w\u0142oska linia, czyli tzw. &#8222;urok nowej kanciasto\u015bci&#8221;. Zupe\u0142nie inny ni\u017c niemieckie prototypy. Silnik na &#8222;w\u0142a\u015bciwym&#8221; miejscu i baga\u017cnik tylko z ty\u0142u. W\u0142adze VW s\u0105 jednocze\u015bnie zachwycone i boj\u0105 si\u0119 tej nowo\u015bci. Ile to b\u0119dzie kosztowa\u0142o? Du\u017co, ale przecie\u017c podwozie na podobne wymiary jak poprzednik, dzi\u0119ki czemu \u0142atwiej dostosowa\u0107 fabryk\u0119 i \u0142atwiej naprawia\u0107. Ma\u0142e poprawki i mo\u017cna produkowa\u0107, a w zasadzie trzeba.<\/p>\n<p style=\"text-align: center;\"><strong>VW Typ A Giugiaro<\/strong><\/p>\n<p><a href=\"https:\/\/www.historiazkolemwtle.cal24.pl\/Blog\/wp-content\/uploads\/2018\/05\/entwgg.jpg\"><img loading=\"lazy\" decoding=\"async\" class=\"size-medium wp-image-6168 aligncenter\" src=\"https:\/\/www.historiazkolemwtle.cal24.pl\/Blog\/wp-content\/uploads\/2018\/05\/entwgg-300x190.jpg\" alt=\"\" width=\"300\" height=\"190\" srcset=\"https:\/\/www.historiazkolemwtle.cal24.pl\/Blog\/wp-content\/uploads\/2018\/05\/entwgg-300x190.jpg 300w, https:\/\/www.historiazkolemwtle.cal24.pl\/Blog\/wp-content\/uploads\/2018\/05\/entwgg.jpg 302w\" sizes=\"(max-width: 300px) 100vw, 300px\" \/><\/a><\/p>\n<p style=\"text-align: center;\">\u0179r\u00f3d\u0142o: vwgolf.pl<\/p>\n<p style=\"text-align: justify;\"><strong>VW Golf 1 (1973)<\/strong> &#8211; trzeci (po K70 i Passacie) seryjny model VW z przednim nap\u0119dem i pierwszy w tym segmencie. Karoseria projektu Giugiaro, kilka silnik\u00f3w do wyboru i 2. miejsce w konkursie na &#8222;Samoch\u00f3d Roku&#8221;. 3 rodzaje nadwozia, automatyczna przek\u0142adnia i nowa nazwa na rynek USA &#8211; &#8222;Rabbit&#8217;. Pierwszy Golf nie jest nudny &#8211; to powiew \u015bwie\u017co\u015bci na rynku zdominowanym przez W\u0142och\u00f3w i Francuz\u00f3w. Chc\u0105 go wszyscy &#8211; Ci, co je\u017cd\u017c\u0105 dynamicznie (GTI) i Ci, kt\u00f3rzy wol\u0105 oszcz\u0119dza\u0107 (1.5D). Klient ma wi\u0119kszy wyb\u00f3r ni\u017c w przypadku Garbusa.<\/p>\n<p style=\"text-align: center;\"><strong>VW Golf 1<\/strong><\/p>\n<p><a href=\"https:\/\/www.historiazkolemwtle.cal24.pl\/Blog\/wp-content\/uploads\/2018\/05\/maxresdefault-1.jpg\"><img loading=\"lazy\" decoding=\"async\" class=\"aligncenter wp-image-6159\" src=\"https:\/\/www.historiazkolemwtle.cal24.pl\/Blog\/wp-content\/uploads\/2018\/05\/maxresdefault-1-300x169.jpg\" alt=\"\" width=\"320\" height=\"180\" srcset=\"https:\/\/www.historiazkolemwtle.cal24.pl\/Blog\/wp-content\/uploads\/2018\/05\/maxresdefault-1-300x169.jpg 300w, https:\/\/www.historiazkolemwtle.cal24.pl\/Blog\/wp-content\/uploads\/2018\/05\/maxresdefault-1-768x432.jpg 768w, https:\/\/www.historiazkolemwtle.cal24.pl\/Blog\/wp-content\/uploads\/2018\/05\/maxresdefault-1-1024x576.jpg 1024w, https:\/\/www.historiazkolemwtle.cal24.pl\/Blog\/wp-content\/uploads\/2018\/05\/maxresdefault-1-1170x658.jpg 1170w, https:\/\/www.historiazkolemwtle.cal24.pl\/Blog\/wp-content\/uploads\/2018\/05\/maxresdefault-1.jpg 1280w\" sizes=\"(max-width: 320px) 100vw, 320px\" \/><\/a><\/p>\n<p style=\"text-align: center;\">\u0179r\u00f3d\u0142o: Youtube<\/p>\n<p style=\"text-align: justify;\"><strong>VW Golf 1 Lunke&amp;Son (1973)<\/strong> &#8211; to nie projekt VW, ale dzie\u0142o producenta &#8230; zawias\u00f3w do drzwi i szafek. Z pozoru &#8222;zwyk\u0142y&#8221; Golf, ale odsuwane do przodu drzwi to pomys\u0142 z przysz\u0142o\u015bci. To s\u0142uszna idea, gdy\u017c ju\u017c w latach 70-tych w centrum zachodnich miast trudno by\u0142o znale\u017a\u0107 wolne miejsce. Otwieranie d\u0142ugich drzwi mog\u0142o zako\u0144czy\u0107 si\u0119 porysowaniem s\u0105siedniego pojazdu. Pomys\u0142 pana Lunke i jego syna znalaz\u0142by zastosowanie u odwa\u017cnych Francuz\u00f3w i W\u0142och\u00f3w, ale w\u0142adze VW? Sami wiecie &#8230;<\/p>\n<p style=\"text-align: center;\"><strong>VW Golf 1 Lunke&amp;Son<\/strong><\/p>\n<p><a href=\"https:\/\/www.historiazkolemwtle.cal24.pl\/Blog\/wp-content\/uploads\/2018\/05\/THUMB_WIDE_vw_golf_lunke_son_.jpg\"><img loading=\"lazy\" decoding=\"async\" class=\"aligncenter wp-image-6167\" src=\"https:\/\/www.historiazkolemwtle.cal24.pl\/Blog\/wp-content\/uploads\/2018\/05\/THUMB_WIDE_vw_golf_lunke_son_-300x155.jpg\" alt=\"\" width=\"310\" height=\"160\" srcset=\"https:\/\/www.historiazkolemwtle.cal24.pl\/Blog\/wp-content\/uploads\/2018\/05\/THUMB_WIDE_vw_golf_lunke_son_-300x155.jpg 300w, https:\/\/www.historiazkolemwtle.cal24.pl\/Blog\/wp-content\/uploads\/2018\/05\/THUMB_WIDE_vw_golf_lunke_son_.jpg 500w\" sizes=\"(max-width: 310px) 100vw, 310px\" \/><\/a><\/p>\n<p style=\"text-align: center;\">\u0179r\u00f3d\u0142o: v10.pl<\/p>\n<p style=\"text-align: justify;\"><strong>VW Golf 1 1.5D (1976)<\/strong> &#8211; diesel w tak ma\u0142ym samochodzie? Dlaczego nie? 50 &#8211; konny silnik nie by\u0142 mocny, ale trwa\u0142y co nie by\u0142o powszechne w\u015br\u00f3d ma\u0142olitra\u017cowych jednostek wysokopr\u0119\u017cnych. Niskie zu\u017cycie paliwa (zawsze poni\u017cej 5 litr\u00f3w na 100 km) to jedna z zalet. W latach 80 i 90-tych by\u0142 to najbardziej po\u017c\u0105dany pojazd na polskiej wsi. W 1982 roku &#8211; tu\u017c przy ko\u0144cu produkcji zosta\u0142 rozwiercony i otrzyma\u0142 turbospr\u0119\u017cark\u0119 &#8211; 70 KM. Du\u017cy moment obrotowy i niskie spalanie? Oto Golf idealny &#8211; chyba, \u017ce kto\u015b lubi &#8222;kratk\u0119&#8221;?<\/p>\n<p style=\"text-align: center;\"><strong>Silnik 1.5 D<\/strong><\/p>\n<p><a href=\"https:\/\/www.historiazkolemwtle.cal24.pl\/Blog\/wp-content\/uploads\/2018\/05\/hqdefault.jpg\"><img loading=\"lazy\" decoding=\"async\" class=\"aligncenter wp-image-6160\" src=\"https:\/\/www.historiazkolemwtle.cal24.pl\/Blog\/wp-content\/uploads\/2018\/05\/hqdefault-300x225.jpg\" alt=\"\" width=\"308\" height=\"231\" srcset=\"https:\/\/www.historiazkolemwtle.cal24.pl\/Blog\/wp-content\/uploads\/2018\/05\/hqdefault-300x225.jpg 300w, https:\/\/www.historiazkolemwtle.cal24.pl\/Blog\/wp-content\/uploads\/2018\/05\/hqdefault.jpg 480w\" sizes=\"(max-width: 308px) 100vw, 308px\" \/><\/a><\/p>\n<p style=\"text-align: center;\">\u0179r\u00f3d\u0142o: Youtube<\/p>\n<p style=\"text-align: justify;\"><strong>VW Golf 1 GTI (1976)<\/strong> &#8211; ale w\u0142a\u015bciwie po co? Robiony &#8222;po godzinach&#8221; z cz\u0119\u015bci pozosta\u0142ych w magazynie. Usportowiony samoch\u00f3d popularny, kt\u00f3ry nie musi by\u0107 rekordzist\u0105, ale nie chce odstawa\u0107 od Alfy, Lancii czy szybkich Renault. 110 KM w zupe\u0142no\u015bci wystarczy dla &#8222;przeci\u0119tnego&#8221; kierowcy chc\u0105cego czasem zaszale\u0107. W ostatnim roku produkcji zyska\u0142 silnik powi\u0119kszony o 200 cm<sup>3\u00a0<\/sup>i ca\u0142e 2 KM wi\u0119cej. Po co? Dla wi\u0119kszej elastyczno\u015bci i mocnych \u015brednich obrot\u00f3w. Oczywi\u015bcie nie mo\u017cna zapomnie\u0107 o kracie na siedzeniach i ga\u0142ce zmiany bieg\u00f3w w kszta\u0142cie pi\u0142ki golfowej.<\/p>\n<p style=\"text-align: center;\"><strong>VW Golf 1 GTI<\/strong><\/p>\n<p><a href=\"https:\/\/www.historiazkolemwtle.cal24.pl\/Blog\/wp-content\/uploads\/2018\/05\/Volkwagen-Golf-GTI-Campaign-Mk1-1.jpg\"><img loading=\"lazy\" decoding=\"async\" class=\"aligncenter wp-image-6161\" src=\"https:\/\/www.historiazkolemwtle.cal24.pl\/Blog\/wp-content\/uploads\/2018\/05\/Volkwagen-Golf-GTI-Campaign-Mk1-1-300x200.jpg\" alt=\"\" width=\"315\" height=\"210\" srcset=\"https:\/\/www.historiazkolemwtle.cal24.pl\/Blog\/wp-content\/uploads\/2018\/05\/Volkwagen-Golf-GTI-Campaign-Mk1-1-300x200.jpg 300w, https:\/\/www.historiazkolemwtle.cal24.pl\/Blog\/wp-content\/uploads\/2018\/05\/Volkwagen-Golf-GTI-Campaign-Mk1-1.jpg 640w\" sizes=\"(max-width: 315px) 100vw, 315px\" \/><\/a><\/p>\n<p style=\"text-align: center;\">\u0179r\u00f3d\u0142o: Honest John<\/p>\n<p style=\"text-align: justify;\"><strong>VW Caddy 1 (1978)<\/strong> &#8211; w produkcji a\u017c do 2007 roku (w RPA). Dla jednych to lifestylowy (cokolwiek to znaczy) pojazd, dla drugich to narz\u0119dzie pracy. D\u0142u\u017cszy, wi\u0119kszy i szerszy Golf z 2 &#8211; osobow\u0105 kabin\u0105 i pak\u0105 mieszcz\u0105c\u0105 od 550 do 650 kg \u0142adunku. Niby niewiele, ale to i tak du\u017co dla s\u0142abych silnik\u00f3w (50-75 KM). By\u0107 mo\u017ce dlatego jedynie 4 &#8211; biegowa przek\u0142adnia z innym prze\u0142o\u017ceniem. To idealny pojazd dla rolnika, drobnego przedsi\u0119biorcy czy &#8230; driftera, kt\u00f3ry przerobi\u0142 go na tylny nap\u0119d. Caddy to marka sama w sobie.<\/p>\n<p style=\"text-align: center;\"><strong>VW Caddy 1<\/strong><\/p>\n<p><a href=\"https:\/\/www.historiazkolemwtle.cal24.pl\/Blog\/wp-content\/uploads\/2018\/05\/124_Volkswagen_Caddy_Transkit_for_Revell_Mk1_Kits__Preorder_Now_76169.jpeg\"><img loading=\"lazy\" decoding=\"async\" class=\"aligncenter wp-image-6162\" src=\"https:\/\/www.historiazkolemwtle.cal24.pl\/Blog\/wp-content\/uploads\/2018\/05\/124_Volkswagen_Caddy_Transkit_for_Revell_Mk1_Kits__Preorder_Now_76169-300x160.jpeg\" alt=\"\" width=\"320\" height=\"170\" srcset=\"https:\/\/www.historiazkolemwtle.cal24.pl\/Blog\/wp-content\/uploads\/2018\/05\/124_Volkswagen_Caddy_Transkit_for_Revell_Mk1_Kits__Preorder_Now_76169-300x160.jpeg 300w, https:\/\/www.historiazkolemwtle.cal24.pl\/Blog\/wp-content\/uploads\/2018\/05\/124_Volkswagen_Caddy_Transkit_for_Revell_Mk1_Kits__Preorder_Now_76169-768x408.jpeg 768w, https:\/\/www.historiazkolemwtle.cal24.pl\/Blog\/wp-content\/uploads\/2018\/05\/124_Volkswagen_Caddy_Transkit_for_Revell_Mk1_Kits__Preorder_Now_76169.jpeg 850w\" sizes=\"(max-width: 320px) 100vw, 320px\" \/><\/a><\/p>\n<p style=\"text-align: center;\">\u0179r\u00f3d\u0142o: hiroboy.com<\/p>\n<p style=\"text-align: justify;\"><strong>VW Golf 1 Cabrio (1979)<\/strong> &#8211; dzie\u0142o Karmanna, kt\u00f3re produkowano do 1993 roku. Ma wystaj\u0105cy &#8222;pa\u0142\u0105k&#8221; i dach, kt\u00f3rego nie mo\u017cna schowa\u0107 wewn\u0105trz baga\u017cnika, ale kogo to obchodzi? Mo\u017ce mie\u0107 &#8222;pi\u0119ciomil\u00f3wki&#8221;, ale i tak to przedmiot po\u017c\u0105dania milion\u00f3w klient\u00f3w. Golf Cabrio mo\u017ce mie\u0107 &#8222;luksusy&#8221; niedost\u0119pne w innych wersjach. Jest dro\u017cszy, ale w tej cenie pr\u00f3\u017cno szuka\u0107 &#8222;czego\u015b&#8221; bez dachu mog\u0105cego zmie\u015bci\u0107 4 osoby, przy czym ilo\u015b\u0107 miejsca z ty\u0142u nie odbiega od wersji ze sta\u0142ym dachem. Po prostu mistrz!<\/p>\n<p style=\"text-align: center;\"><strong>VW Golf 1 Cabrio<\/strong><\/p>\n<p><a href=\"https:\/\/www.historiazkolemwtle.cal24.pl\/Blog\/wp-content\/uploads\/2018\/05\/Volkswagen-Golf-Cabriolet-Mk1-1.jpg\"><img loading=\"lazy\" decoding=\"async\" class=\"aligncenter wp-image-6163\" src=\"https:\/\/www.historiazkolemwtle.cal24.pl\/Blog\/wp-content\/uploads\/2018\/05\/Volkswagen-Golf-Cabriolet-Mk1-1-300x200.jpg\" alt=\"\" width=\"315\" height=\"210\" srcset=\"https:\/\/www.historiazkolemwtle.cal24.pl\/Blog\/wp-content\/uploads\/2018\/05\/Volkswagen-Golf-Cabriolet-Mk1-1-300x200.jpg 300w, https:\/\/www.historiazkolemwtle.cal24.pl\/Blog\/wp-content\/uploads\/2018\/05\/Volkswagen-Golf-Cabriolet-Mk1-1.jpg 640w\" sizes=\"(max-width: 315px) 100vw, 315px\" \/><\/a><\/p>\n<p style=\"text-align: center;\">\u0179r\u00f3d\u0142o: Honest John<\/p>\n<p style=\"text-align: justify;\"><strong>VW Jetta Mk 1 (1979)<\/strong> &#8211; zamiast okr\u0105g\u0142ych reflektor\u00f3w du\u017ce prostok\u0105tne, ale to nie jedyna r\u00f3\u017cnica w stosunku do Golfa. Jetta to &#8222;co\u015b&#8221; wi\u0119cej ni\u017c Golf z du\u017cym baga\u017cnikiem. To przepustka do &#8222;\u015bwiata Passata&#8221; &#8211; ma lepsze wyposa\u017cenie, du\u017cy baga\u017cnik a wersja GTI zostaje nazwana GLI &#8211; 112 KM rozp\u0119dza Jett\u0119 do 182 km\/h. Wielki sukces w USA i po\u017cegnanie z modelem &#8222;412&#8221;, kt\u00f3rego zast\u0105piono 2 lub 4 &#8211; drzwiow\u0105 limuzyn\u0105. W tej formie Golf mo\u017ce wi\u0119cej i trafia w gusta bardziej wymagaj\u0105cego klienta.<\/p>\n<p style=\"text-align: center;\"><strong>VW Jetta Mk 1<\/strong><\/p>\n<p><a href=\"https:\/\/www.historiazkolemwtle.cal24.pl\/Blog\/wp-content\/uploads\/2018\/05\/2rzau69.jpg\"><img loading=\"lazy\" decoding=\"async\" class=\"wp-image-6166 size-medium aligncenter\" src=\"https:\/\/www.historiazkolemwtle.cal24.pl\/Blog\/wp-content\/uploads\/2018\/05\/2rzau69-300x225.jpg\" alt=\"\" width=\"300\" height=\"225\" srcset=\"https:\/\/www.historiazkolemwtle.cal24.pl\/Blog\/wp-content\/uploads\/2018\/05\/2rzau69-300x225.jpg 300w, https:\/\/www.historiazkolemwtle.cal24.pl\/Blog\/wp-content\/uploads\/2018\/05\/2rzau69-768x576.jpg 768w, https:\/\/www.historiazkolemwtle.cal24.pl\/Blog\/wp-content\/uploads\/2018\/05\/2rzau69-1024x768.jpg 1024w, https:\/\/www.historiazkolemwtle.cal24.pl\/Blog\/wp-content\/uploads\/2018\/05\/2rzau69-1170x878.jpg 1170w, https:\/\/www.historiazkolemwtle.cal24.pl\/Blog\/wp-content\/uploads\/2018\/05\/2rzau69.jpg 1600w\" sizes=\"(max-width: 300px) 100vw, 300px\" \/><\/a><\/p>\n<p style=\"text-align: center;\">\u0179r\u00f3d\u0142o: Retro Rides<\/p>\n<p style=\"text-align: justify;\"><strong>VW Citi Golf (2009)<\/strong> &#8211; szale\u0144stwo! Jak mo\u017cna produkowa\u0107 bez zmian tyle lat ten sam model? Mo\u017cna, czego dowodem jest afryka\u0144ska odmiana Golfa. Do ko\u0144ca produkcji z silnikami pami\u0119taj\u0105cymi lata 70-te, ale od 2004 roku z desk\u0105 rozdzielcz\u0105 Skody Fabia. Nie od dzi\u015b wiadomo, \u017ce Afryka potrzebuje taniego, niezawodnego i \u0142atwego w naprawach pojazdu tej wielko\u015bci, ale dlaczego to mia\u0142 by\u0107 Golf? Dlatego, \u017ce przez lata zyska\u0142 opini\u0119 pojazdu, kt\u00f3rego nie mo\u017cna zepsu\u0107. To w Afryce jest cenniejsze ni\u017c rozbudowana elektronika i &#8222;gwiazdki&#8221;.<\/p>\n<p style=\"text-align: center;\"><strong>VW Citi Golf<\/strong><\/p>\n<p><a href=\"https:\/\/www.historiazkolemwtle.cal24.pl\/Blog\/wp-content\/uploads\/2018\/05\/maxresdefault-2.jpg\"><img loading=\"lazy\" decoding=\"async\" class=\"aligncenter wp-image-6164\" src=\"https:\/\/www.historiazkolemwtle.cal24.pl\/Blog\/wp-content\/uploads\/2018\/05\/maxresdefault-2-300x169.jpg\" alt=\"\" width=\"315\" height=\"177\" srcset=\"https:\/\/www.historiazkolemwtle.cal24.pl\/Blog\/wp-content\/uploads\/2018\/05\/maxresdefault-2-300x169.jpg 300w, https:\/\/www.historiazkolemwtle.cal24.pl\/Blog\/wp-content\/uploads\/2018\/05\/maxresdefault-2-768x432.jpg 768w, https:\/\/www.historiazkolemwtle.cal24.pl\/Blog\/wp-content\/uploads\/2018\/05\/maxresdefault-2-1024x576.jpg 1024w, https:\/\/www.historiazkolemwtle.cal24.pl\/Blog\/wp-content\/uploads\/2018\/05\/maxresdefault-2-1170x658.jpg 1170w, https:\/\/www.historiazkolemwtle.cal24.pl\/Blog\/wp-content\/uploads\/2018\/05\/maxresdefault-2.jpg 1280w\" sizes=\"(max-width: 315px) 100vw, 315px\" \/><\/a><\/p>\n<p style=\"text-align: center;\">\u0179r\u00f3d\u0142o: Youtube<\/p>\n<p><strong>Jaki jest Golf 1?<\/strong><\/p>\n<p style=\"text-align: justify;\">Nudny? Nie &#8211; to jeden z najciekawszych samochod\u00f3w segmentu C w latach 70 &#8211; tych. Z pozoru pospolita konstrukcja, ale ma wielki potencja\u0142. Dowody? Kilka rodzaj\u00f3w nadwozia, silnik wysokopr\u0119\u017cny z turbospr\u0119\u017cark\u0105, wersja dostawcza, serie limitowane &#8211; jest w &#8222;czym&#8221; wybiera\u0107. Golf 1 jest dla ka\u017cdego &#8211; mo\u017ce by\u0107 tani, ale nie musi. Mo\u017ce by\u0107 taki jak miliony &#8222;braci&#8221; lub indywidualny &#8211; skrojony na miar\u0119 przez firm\u0119 tuningow\u0105. Tak prosta konstrukcja mo\u017ce by\u0107 obiektem dowolnym modernizacji. &#8222;Tw\u00f3j Golf jest taki jak Ty&#8221;.<\/p>\n<p style=\"text-align: justify;\">Droga do ostatecznej wizji Golfa nie by\u0142a \u0142atwa. To przynajmniej kilkana\u015bcie prototyp\u00f3w i ci\u0105gle przepychanki pomi\u0119dzy in\u017cynierami a dyrekcj\u0105. Golf 1 to walka ze star\u0105 tradycj\u0105 i pr\u00f3ba ekspansji nowych zwyczaj\u00f3w. Dopiero po kilku miesi\u0105cach produkcji w\u0142adze koncernu s\u0105 przekonane, \u017ce ust\u0119pstwo pop\u0142aca. Kolejne miliony sztuk to odbudowanie pozycji VW i dor\u00f3wnanie konkurencji. Golf 1 wyznacza trendy, cho\u0107 nie szokuje, ale wygrywa na punkty bo nigdzie nie okazuje s\u0142abo\u015bci. Czy jest doskona\u0142y?<\/p>\n<p style=\"text-align: justify;\">Projekt, kt\u00f3ry rozwija\u0142 si\u0119 20 lat nie mo\u017ce mie\u0107 \u017cadnych wad. Musi by\u0107 idealny. Czy jest? Nie &#8211; baga\u017cnik m\u00f3g\u0142by by\u0107 wi\u0119kszy, pr\u00f3g za\u0142adunkowy ni\u017cszy. Rozstaw osi mo\u017cna by\u0142o powi\u0119kszy\u0107 o kilka centymetr\u00f3w, podobnie jak rozstaw k\u00f3\u0142 &#8211; to dla ilo\u015bci miejsca i wi\u0119kszej stabilno\u015bci. Mo\u017cna by\u0142o produkowa\u0107 kombi, ale w tamtych czasach to sedany pe\u0142ni\u0142y rol\u0119 rodzinnych transporter\u00f3w. Czy w 2009 roku klienci z RPA byli \u015bwiadomi tych wad? Pewnie tak, ale z tak\u0105 ilo\u015bci\u0105 zalet trudno dyskutowa\u0107. Golf &#8222;Jedynka&#8221; to jednak fajne auto &#8230;<\/p>\n<p style=\"text-align: right;\"><a href=\"https:\/\/www.historiazkolemwtle.cal24.pl\/Blog\/?p=6173\">Cz\u0119\u015b\u0107 druga<\/a><\/p>\n<p style=\"text-align: right;\"><a href=\"https:\/\/www.historiazkolemwtle.cal24.pl\/Blog\/?p=6247\">Cz\u0119\u015b\u0107 trzecia<\/a><\/p>\n<p style=\"text-align: right;\"><a href=\"https:\/\/www.historiazkolemwtle.cal24.pl\/Blog\/?p=6280\">Cz\u0119\u015b\u0107 ostatnia<\/a><\/p>\n","protected":false},"excerpt":{"rendered":"<p>{Ten tekst jest pisany w j\u0119zyku osoby, kt\u00f3ra woli pcha\u0107 Alf\u0119 ni\u017c je\u017adzi\u0107 Golfem.} Golf, Volkswagen Golf &#8211; synonim motoryzacyjnej nudy i poprawno\u015bci. Nowy to marzenie, stary to &#8222;motobieda&#8221; dla rozs\u0105dnych. Ju\u017c ponad 40 lat straszy na naszych ulicach. W\u015br\u00f3d &#8222;motomianiak\u00f3w&#8221; nie budzi zachwytu a raczej u\u015bmiech politowania. Nigdy bez wspomagania w postaci podtlenku &#8222;lepszego\u2026 <span class=\"read-more\"><a href=\"https:\/\/www.historiazkolemwtle.cal24.pl\/Blog\/2018\/05\/25\/50-twarzy-golfa-czesc-pierwsza-golf-mk-1\/\">Dowiedz si\u0119 wi\u0119cej &raquo;<\/a><\/span><\/p>\n","protected":false},"author":1,"featured_media":6170,"comment_status":"closed","ping_status":"closed","sticky":false,"template":"","format":"standard","meta":{"footnotes":""},"categories":[7],"tags":[2155,2153,1476,1477,1479,1481,1480,1478],"class_list":["post-6145","post","type-post","status-publish","format-standard","has-post-thumbnail","hentry","category-na-luzie","tag-50shadesofgolf","tag-50-twarzy-golfa","tag-volkswagen","tag-volkswagen-golf","tag-vw-caddy","tag-vw-ea-235","tag-vw-ea-48","tag-vw-jetta"],"rttpg_featured_image_url":{"full":["https:\/\/www.historiazkolemwtle.cal24.pl\/Blog\/wp-content\/uploads\/2018\/05\/Volkwagen-Golf-GTI-Campaign-Mk1-1-1.jpg",320,240,false],"landscape":["https:\/\/www.historiazkolemwtle.cal24.pl\/Blog\/wp-content\/uploads\/2018\/05\/Volkwagen-Golf-GTI-Campaign-Mk1-1-1.jpg",320,240,false],"portraits":["https:\/\/www.historiazkolemwtle.cal24.pl\/Blog\/wp-content\/uploads\/2018\/05\/Volkwagen-Golf-GTI-Campaign-Mk1-1-1.jpg",320,240,false],"thumbnail":["https:\/\/www.historiazkolemwtle.cal24.pl\/Blog\/wp-content\/uploads\/2018\/05\/Volkwagen-Golf-GTI-Campaign-Mk1-1-1-150x150.jpg",150,150,true],"medium":["https:\/\/www.historiazkolemwtle.cal24.pl\/Blog\/wp-content\/uploads\/2018\/05\/Volkwagen-Golf-GTI-Campaign-Mk1-1-1-300x225.jpg",300,225,true],"large":["https:\/\/www.historiazkolemwtle.cal24.pl\/Blog\/wp-content\/uploads\/2018\/05\/Volkwagen-Golf-GTI-Campaign-Mk1-1-1.jpg",320,240,false],"1536x1536":["https:\/\/www.historiazkolemwtle.cal24.pl\/Blog\/wp-content\/uploads\/2018\/05\/Volkwagen-Golf-GTI-Campaign-Mk1-1-1.jpg",320,240,false],"2048x2048":["https:\/\/www.historiazkolemwtle.cal24.pl\/Blog\/wp-content\/uploads\/2018\/05\/Volkwagen-Golf-GTI-Campaign-Mk1-1-1.jpg",320,240,false],"post-thumbnail":["https:\/\/www.historiazkolemwtle.cal24.pl\/Blog\/wp-content\/uploads\/2018\/05\/Volkwagen-Golf-GTI-Campaign-Mk1-1-1.jpg",320,240,false],"excerpt-thumbnail":["https:\/\/www.historiazkolemwtle.cal24.pl\/Blog\/wp-content\/uploads\/2018\/05\/Volkwagen-Golf-GTI-Campaign-Mk1-1-1.jpg",187,140,false],"excerpt-thumbnail-mobile":["https:\/\/www.historiazkolemwtle.cal24.pl\/Blog\/wp-content\/uploads\/2018\/05\/Volkwagen-Golf-GTI-Campaign-Mk1-1-1.jpg",267,200,false]},"rttpg_author":{"display_name":"Zbigniew Kluczkowski","author_link":"https:\/\/www.historiazkolemwtle.cal24.pl\/Blog\/author\/admin\/"},"rttpg_comment":0,"rttpg_category":"<a href=\"https:\/\/www.historiazkolemwtle.cal24.pl\/Blog\/category\/na-luzie\/\" rel=\"category tag\">Na luzie<\/a>","rttpg_excerpt":"{Ten tekst jest pisany w j\u0119zyku osoby, kt\u00f3ra woli pcha\u0107 Alf\u0119 ni\u017c je\u017adzi\u0107 Golfem.} Golf, Volkswagen Golf &#8211; synonim motoryzacyjnej nudy i poprawno\u015bci. Nowy to marzenie, stary to &#8222;motobieda&#8221; dla rozs\u0105dnych. Ju\u017c ponad 40 lat straszy na naszych ulicach. W\u015br\u00f3d &#8222;motomianiak\u00f3w&#8221; nie budzi zachwytu a raczej u\u015bmiech politowania. Nigdy bez wspomagania w postaci podtlenku &#8222;lepszego\u2026&hellip;","_links":{"self":[{"href":"https:\/\/www.historiazkolemwtle.cal24.pl\/Blog\/wp-json\/wp\/v2\/posts\/6145","targetHints":{"allow":["GET"]}}],"collection":[{"href":"https:\/\/www.historiazkolemwtle.cal24.pl\/Blog\/wp-json\/wp\/v2\/posts"}],"about":[{"href":"https:\/\/www.historiazkolemwtle.cal24.pl\/Blog\/wp-json\/wp\/v2\/types\/post"}],"author":[{"embeddable":true,"href":"https:\/\/www.historiazkolemwtle.cal24.pl\/Blog\/wp-json\/wp\/v2\/users\/1"}],"replies":[{"embeddable":true,"href":"https:\/\/www.historiazkolemwtle.cal24.pl\/Blog\/wp-json\/wp\/v2\/comments?post=6145"}],"version-history":[{"count":15,"href":"https:\/\/www.historiazkolemwtle.cal24.pl\/Blog\/wp-json\/wp\/v2\/posts\/6145\/revisions"}],"predecessor-version":[{"id":12721,"href":"https:\/\/www.historiazkolemwtle.cal24.pl\/Blog\/wp-json\/wp\/v2\/posts\/6145\/revisions\/12721"}],"wp:featuredmedia":[{"embeddable":true,"href":"https:\/\/www.historiazkolemwtle.cal24.pl\/Blog\/wp-json\/wp\/v2\/media\/6170"}],"wp:attachment":[{"href":"https:\/\/www.historiazkolemwtle.cal24.pl\/Blog\/wp-json\/wp\/v2\/media?parent=6145"}],"wp:term":[{"taxonomy":"category","embeddable":true,"href":"https:\/\/www.historiazkolemwtle.cal24.pl\/Blog\/wp-json\/wp\/v2\/categories?post=6145"},{"taxonomy":"post_tag","embeddable":true,"href":"https:\/\/www.historiazkolemwtle.cal24.pl\/Blog\/wp-json\/wp\/v2\/tags?post=6145"}],"curies":[{"name":"wp","href":"https:\/\/api.w.org\/{rel}","templated":true}]}}