{"id":6173,"date":"2018-05-30T11:42:43","date_gmt":"2018-05-30T10:42:43","guid":{"rendered":"https:\/\/www.historiazkolemwtle.cal24.pl\/Blog\/?p=6173"},"modified":"2022-01-25T09:21:14","modified_gmt":"2022-01-25T08:21:14","slug":"50-twarzy-golfa-czesc-druga-golf-mk-2-i-mk-3","status":"publish","type":"post","link":"https:\/\/www.historiazkolemwtle.cal24.pl\/Blog\/2018\/05\/30\/50-twarzy-golfa-czesc-druga-golf-mk-2-i-mk-3\/","title":{"rendered":"50 twarzy &#8230; Golfa, cz\u0119\u015b\u0107 druga &#8211; Golf Mk 2 i Mk 3"},"content":{"rendered":"<p style=\"text-align: justify;\"><strong>Druga generacja Golfa to ju\u017c nie projekt Giugiaro<\/strong>, ale rodowitego Niemca &#8211; Herberta Schafera. Golf ur\u00f3s\u0142 w ka\u017cdym kierunku i przyty\u0142. Zwi\u0119kszono kabin\u0119 i baga\u017cnik, kt\u00f3rego pojemno\u015b\u0107 wynosi\u0142a a\u017c 345 dm<sup>3<\/sup>. W wersji z nap\u0119dem na wszystkie ko\u0142a wynosi\u0142a dok\u0142adnie tyle, co u poprzednika &#8211; 260 dm<sup>3<\/sup>. Ta generacja pr\u00f3bowa\u0142a udowodni\u0107, \u017ce Golf mo\u017ce by\u0107 r\u00f3\u017cny i &#8222;podany na wiele sposob\u00f3w&#8221;, st\u0105d dziesi\u0105tki wersji specjalnych, kilkana\u015bcie silnik\u00f3w i dwie wersje nap\u0119du. Mistrz wszechstronno\u015bci? Uzasadnienie poni\u017cej.<\/p>\n<p style=\"text-align: justify;\"><strong>VW Golf C (1983)<\/strong> &#8211; podstawowa &#8222;bieda wersja&#8221; z prawym lusterkiem w opcji i na oponach o szeroko\u015bci 155 mm. Bez rozbudowanej konsoli \u015brodkowej, ale za to z automatyczn\u0105 przek\u0142adni\u0105 w wyposa\u017ceniu opcjonalnym. Dost\u0119pna w wi\u0119kszo\u015bci wersji silnikowych o mocach 54-85 KM. Oszcz\u0119dno\u015bci dotkn\u0119\u0142y nawet silniczk\u00f3w wycieraczek, kt\u00f3re nie oferowa\u0142y przerwanego trybu pracy. Najta\u0144sza wersja wyposa\u017cenia znikn\u0119\u0142a z oferty w 1987 roku i odt\u0105d odmiana CL rozpoczyna\u0142a cenniki.<\/p>\n<p style=\"text-align: center;\"><strong>Deska rozdzielcza wersji wyposa\u017cenia C<\/strong><\/p>\n<p><a href=\"https:\/\/www.historiazkolemwtle.cal24.pl\/Blog\/wp-content\/uploads\/2018\/05\/VW-Golf-II-1-3-729x486-6badbd34973bac8c.jpg\"><img fetchpriority=\"high\" decoding=\"async\" class=\"aligncenter wp-image-6185\" src=\"https:\/\/www.historiazkolemwtle.cal24.pl\/Blog\/wp-content\/uploads\/2018\/05\/VW-Golf-II-1-3-729x486-6badbd34973bac8c-300x200.jpg\" alt=\"\" width=\"315\" height=\"210\" srcset=\"https:\/\/www.historiazkolemwtle.cal24.pl\/Blog\/wp-content\/uploads\/2018\/05\/VW-Golf-II-1-3-729x486-6badbd34973bac8c-300x200.jpg 300w, https:\/\/www.historiazkolemwtle.cal24.pl\/Blog\/wp-content\/uploads\/2018\/05\/VW-Golf-II-1-3-729x486-6badbd34973bac8c.jpg 729w\" sizes=\"(max-width: 315px) 100vw, 315px\" \/><\/a><\/p>\n<p style=\"text-align: center;\">\u0179r\u00f3d\u0142o: vwvortex.com<\/p>\n<p style=\"text-align: justify;\"><strong>VW Golf 2 Carat (1984)<\/strong> &#8211; luksusowy Golf, czyli ze wspomaganiem kierownicy, centralnym zamkiem, wszystkimi bocznymi szybami &#8222;w pr\u0105dzie&#8221;, podgrzewanymi lusterkami i sk\u00f3rzanymi elementami wyko\u0144czenia. Do tego komputer pok\u0142adowy z kilkunastoma funkcjami i chromowane wyko\u0144czenie listew na zderzaku i wok\u00f3\u0142 okien. Tylna kanapa by\u0142a wyposa\u017cona w zag\u0142\u00f3wki i posiada\u0142a dzielone oparcie. Cztery lata p\u00f3\u017aniej ta wersja zosta\u0142a zast\u0105piona przez GLX, kt\u00f3ra r\u00f3\u017cni\u0142a si\u0119 zderzakami oraz jednolit\u0105 szyb\u0105 w przednich drzwiach.<\/p>\n<p style=\"text-align: center;\"><strong>Deska rozdzielcza wersji wyposa\u017cenia Carat<\/strong><\/p>\n<p><a href=\"https:\/\/www.historiazkolemwtle.cal24.pl\/Blog\/wp-content\/uploads\/2018\/05\/vw-golf-ii-1-8-carat-5425499522327-71782664078.jpg\"><img decoding=\"async\" class=\"aligncenter wp-image-6186\" src=\"https:\/\/www.historiazkolemwtle.cal24.pl\/Blog\/wp-content\/uploads\/2018\/05\/vw-golf-ii-1-8-carat-5425499522327-71782664078-300x168.jpg\" alt=\"\" width=\"320\" height=\"180\" srcset=\"https:\/\/www.historiazkolemwtle.cal24.pl\/Blog\/wp-content\/uploads\/2018\/05\/vw-golf-ii-1-8-carat-5425499522327-71782664078-300x168.jpg 300w, https:\/\/www.historiazkolemwtle.cal24.pl\/Blog\/wp-content\/uploads\/2018\/05\/vw-golf-ii-1-8-carat-5425499522327-71782664078.jpg 360w\" sizes=\"(max-width: 320px) 100vw, 320px\" \/><\/a><\/p>\n<p style=\"text-align: center;\">\u0179r\u00f3d\u0142o: halooglasi.com<\/p>\n<p style=\"text-align: justify;\"><strong>VW Corrado (1988)<\/strong> &#8211; najmocniejsze silniki z Golfa 2, do tego po\u0142owa jego p\u0142yty pod\u0142ogowej (ty\u0142 z Passata), automatycznie wysuwany spojler a dzi\u015b status &#8222;kultowego youngtimera&#8221;. A\u017c trudno uwierzy\u0107, \u017ce &#8222;co\u015b&#8221; takiego powsta\u0142o z Golfa. Fotele Recaro, komputer pok\u0142adowy z 18 &#8211; ma funkcjami i najlepsze wyposa\u017cenie z oferty VW wcale nie oznacza\u0142o sukcesu rynkowego. Corrado by\u0142a za drogie jako VW. To najbardziej zaawansowana technologicznie forma Golfa 2 i jedna z najbardziej po\u017c\u0105danych na rynku youngtimer\u00f3w.<\/p>\n<p style=\"text-align: center;\"><strong>VW Corrado<\/strong><\/p>\n<p><a href=\"https:\/\/www.historiazkolemwtle.cal24.pl\/Blog\/wp-content\/uploads\/2018\/05\/Volkswagen-Corrado-53I.jpg\"><img decoding=\"async\" class=\"size-medium wp-image-6187 aligncenter\" src=\"https:\/\/www.historiazkolemwtle.cal24.pl\/Blog\/wp-content\/uploads\/2018\/05\/Volkswagen-Corrado-53I-300x225.jpg\" alt=\"\" width=\"300\" height=\"225\" srcset=\"https:\/\/www.historiazkolemwtle.cal24.pl\/Blog\/wp-content\/uploads\/2018\/05\/Volkswagen-Corrado-53I-300x225.jpg 300w, https:\/\/www.historiazkolemwtle.cal24.pl\/Blog\/wp-content\/uploads\/2018\/05\/Volkswagen-Corrado-53I-768x576.jpg 768w, https:\/\/www.historiazkolemwtle.cal24.pl\/Blog\/wp-content\/uploads\/2018\/05\/Volkswagen-Corrado-53I.jpg 800w\" sizes=\"(max-width: 300px) 100vw, 300px\" \/><\/a><\/p>\n<p style=\"text-align: center;\">\u0179r\u00f3d\u0142o: automobilio<\/p>\n<p style=\"text-align: justify;\"><strong>Golf 2 GTI G60 Limited Edition Syncro (1989)<\/strong> &#8211; gdy 160 KM to za ma\u0142o powstaje wersja z nap\u0119dem na wszystkie ko\u0142a i mocniejsz\u0105 spr\u0119\u017carka typu G. Efekt? 210 KM z silnika o poj. 1.8 dm<sup>3<\/sup>\u00a0w 1989 roku. Ciasno zestopniowana skrzynia bieg\u00f3w &#8211; pr\u0119dko\u015b\u0107 maksymalna 220 km\/h i przyspieszenie od 0 do 100 km\/h w 7,2 sekundy. Tylko 71 sztuk w cenie 68,5 tys. DM. Drogo, ale wkroczenie na teren Delty Integrale musi kosztowa\u0107. Przez nast\u0119pn\u0105 dekad\u0119 nie b\u0119dzie szybszego Golfa chyba, \u017ce &#8230; patrz wy\u017cej.<\/p>\n<p style=\"text-align: center;\"><strong>Golf 2 GTI G60 Limited Edition Syncro<\/strong><\/p>\n<p><a href=\"https:\/\/www.historiazkolemwtle.cal24.pl\/Blog\/wp-content\/uploads\/2018\/05\/30421855146_529b1934d4_o.jpg\"><img loading=\"lazy\" decoding=\"async\" class=\"aligncenter wp-image-6188\" src=\"https:\/\/www.historiazkolemwtle.cal24.pl\/Blog\/wp-content\/uploads\/2018\/05\/30421855146_529b1934d4_o-300x200.jpg\" alt=\"\" width=\"315\" height=\"210\" srcset=\"https:\/\/www.historiazkolemwtle.cal24.pl\/Blog\/wp-content\/uploads\/2018\/05\/30421855146_529b1934d4_o-300x200.jpg 300w, https:\/\/www.historiazkolemwtle.cal24.pl\/Blog\/wp-content\/uploads\/2018\/05\/30421855146_529b1934d4_o-768x512.jpg 768w, https:\/\/www.historiazkolemwtle.cal24.pl\/Blog\/wp-content\/uploads\/2018\/05\/30421855146_529b1934d4_o-1024x683.jpg 1024w, https:\/\/www.historiazkolemwtle.cal24.pl\/Blog\/wp-content\/uploads\/2018\/05\/30421855146_529b1934d4_o-1170x780.jpg 1170w, https:\/\/www.historiazkolemwtle.cal24.pl\/Blog\/wp-content\/uploads\/2018\/05\/30421855146_529b1934d4_o.jpg 1200w\" sizes=\"(max-width: 315px) 100vw, 315px\" \/><\/a><\/p>\n<p style=\"text-align: center;\">\u0179r\u00f3d\u0142o: vw-clubpolska.pl<\/p>\n<p style=\"text-align: justify;\"><strong>Golf 2 1.6 TD 82 KM (1989)<\/strong> &#8211; najmocniejszy wariant wysokopr\u0119\u017cnego silnika w Golfie przed debiutem TDI. To przyzwoite 155 Nm momentu obrotowego i kr\u00f3tkotrwa\u0142y rekord dla silnik\u00f3w o tej pojemno\u015bci. Ta wersja posiada\u0142a ciasno zestopniowan\u0105 przek\u0142adni\u0119 i najcz\u0119\u015bciej wyst\u0119powa\u0142a z oznaczeniem GTD. To wyj\u0105tkowo rzadki okaz. W tamtym czasie silniki o podobnej pojemno\u015bci i zap\u0142onie samoczynnym osi\u0105ga\u0142y najwy\u017cej 65-70 KM. Silnik ten da\u0142 si\u0119 pozna\u0107 jako trwa\u0142y, prosty i podatny na modyfikacje &#8211; zupe\u0142nie jak ca\u0142y Golf 2.<\/p>\n<p style=\"text-align: center;\"><strong>Silnik Golfa 2 GTD<\/strong><\/p>\n<p><a href=\"https:\/\/www.historiazkolemwtle.cal24.pl\/Blog\/wp-content\/uploads\/2018\/05\/volkswagen-golf-2-16-gtd-sb-intercooler-82km-zabrze-299087867.jpg\"><img loading=\"lazy\" decoding=\"async\" class=\"aligncenter wp-image-6189\" src=\"https:\/\/www.historiazkolemwtle.cal24.pl\/Blog\/wp-content\/uploads\/2018\/05\/volkswagen-golf-2-16-gtd-sb-intercooler-82km-zabrze-299087867-300x203.jpg\" alt=\"\" width=\"315\" height=\"213\" srcset=\"https:\/\/www.historiazkolemwtle.cal24.pl\/Blog\/wp-content\/uploads\/2018\/05\/volkswagen-golf-2-16-gtd-sb-intercooler-82km-zabrze-299087867-300x203.jpg 300w, https:\/\/www.historiazkolemwtle.cal24.pl\/Blog\/wp-content\/uploads\/2018\/05\/volkswagen-golf-2-16-gtd-sb-intercooler-82km-zabrze-299087867-768x520.jpg 768w, https:\/\/www.historiazkolemwtle.cal24.pl\/Blog\/wp-content\/uploads\/2018\/05\/volkswagen-golf-2-16-gtd-sb-intercooler-82km-zabrze-299087867.jpg 934w\" sizes=\"(max-width: 315px) 100vw, 315px\" \/><\/a><\/p>\n<p style=\"text-align: center;\">\u0179r\u00f3d\u0142o:\u00a0vw-clubpolska.pl<\/p>\n<p style=\"text-align: justify;\"><strong>Golf 2 Ecomatic (1989)<\/strong> &#8211; pierwszy Golf z systemem Start&amp;Stop. Prototyp, kt\u00f3ry mia\u0142 udowodni\u0107, \u017ce silnik uruchomiony podczas postoju to samo z\u0142o. Wzmocniony alternator i akumulator mia\u0142y pom\u00f3c w uruchamianiu silnika i redukcji zu\u017cycia paliwa do 5 litr\u00f3w ON na 100 km. Pojazd by\u0142 wyposa\u017cony w silnik wysokopr\u0119\u017cny. Celem tego rozwi\u0105zania by\u0142a redukcja emisji szkodliwych py\u0142\u00f3w do atmosfery, jednak ca\u0142a aparatura by\u0142a ci\u0119\u017cka i zbyt droga do seryjnej produkcji. Pomys\u0142 powr\u00f3ci\u0142 kilka lat p\u00f3\u017aniej w Golfie 3.<\/p>\n<p style=\"text-align: center;\"><strong>Golf 2 Ecomatic<\/strong><\/p>\n<p><a href=\"https:\/\/www.historiazkolemwtle.cal24.pl\/Blog\/wp-content\/uploads\/2018\/05\/22244_1218622589462.jpg\"><img loading=\"lazy\" decoding=\"async\" class=\"aligncenter wp-image-6190\" src=\"https:\/\/www.historiazkolemwtle.cal24.pl\/Blog\/wp-content\/uploads\/2018\/05\/22244_1218622589462-300x200.jpg\" alt=\"\" width=\"315\" height=\"210\" srcset=\"https:\/\/www.historiazkolemwtle.cal24.pl\/Blog\/wp-content\/uploads\/2018\/05\/22244_1218622589462-300x200.jpg 300w, https:\/\/www.historiazkolemwtle.cal24.pl\/Blog\/wp-content\/uploads\/2018\/05\/22244_1218622589462.jpg 630w\" sizes=\"(max-width: 315px) 100vw, 315px\" \/><\/a><\/p>\n<p style=\"text-align: center;\">\u0179r\u00f3d\u0142o: auto-news.de<\/p>\n<p style=\"text-align: justify;\"><strong>Golf 2 Country (1990)<\/strong> &#8211; zbyt ma\u0142e ko\u0142a? To nic. Wa\u017cne, \u017ce jest nap\u0119d na wszystkie ko\u0142a, du\u017cy prze\u015bwit i zapasowe ko\u0142o na klapie. &#8222;Teren\u00f3wka&#8221;? nie, to raczej SUV segmentu C &#8211; prekursor tego gatunku nap\u0119dzany 90 lub 98-konnym silnikiem. To pierwszy Golf, w kt\u00f3rego opisie pojawi\u0142y si\u0119 k\u0105ty natarcia i zej\u015bcia. Niestety rynek nie doceni\u0142 tej konstrukcji, gdy\u017c cena by\u0142a zaporowa a VW na nim nie zarabia\u0142. SUV VW na 15 lat przed przebojowym Nissanem? Tak, to mo\u017cliwe, cho\u0107 klienci VW bywaj\u0105 konserwatywni.<\/p>\n<p style=\"text-align: center;\"><strong>Golf Country (z dodatkowymi akcesoriami)<\/strong><\/p>\n<p><a href=\"https:\/\/www.historiazkolemwtle.cal24.pl\/Blog\/wp-content\/uploads\/2018\/05\/vw-golf-cross-country.jpg\"><img loading=\"lazy\" decoding=\"async\" class=\"aligncenter wp-image-6191\" src=\"https:\/\/www.historiazkolemwtle.cal24.pl\/Blog\/wp-content\/uploads\/2018\/05\/vw-golf-cross-country-300x181.jpg\" alt=\"\" width=\"315\" height=\"190\" srcset=\"https:\/\/www.historiazkolemwtle.cal24.pl\/Blog\/wp-content\/uploads\/2018\/05\/vw-golf-cross-country-300x181.jpg 300w, https:\/\/www.historiazkolemwtle.cal24.pl\/Blog\/wp-content\/uploads\/2018\/05\/vw-golf-cross-country-768x462.jpg 768w, https:\/\/www.historiazkolemwtle.cal24.pl\/Blog\/wp-content\/uploads\/2018\/05\/vw-golf-cross-country-1024x616.jpg 1024w, https:\/\/www.historiazkolemwtle.cal24.pl\/Blog\/wp-content\/uploads\/2018\/05\/vw-golf-cross-country-1170x704.jpg 1170w, https:\/\/www.historiazkolemwtle.cal24.pl\/Blog\/wp-content\/uploads\/2018\/05\/vw-golf-cross-country.jpg 1200w\" sizes=\"(max-width: 315px) 100vw, 315px\" \/><\/a><\/p>\n<p style=\"text-align: center;\">\u0179r\u00f3d\u0142o: autozeitung.de<\/p>\n<p style=\"text-align: justify;\"><strong>Seat Toledo 1 (1991)<\/strong> &#8211; Golf 2 w najwi\u0119kszym opakowaniu. Na p\u0142ycie pod\u0142ogowej wsp\u00f3lnej z Jett\u0105 uda\u0142o si\u0119 uzyska\u0107 jeszcze wi\u0119cej miejsca a du\u017ca tylna klapa kryje baga\u017cnik o pojemno\u015bci a\u017c 550 litr\u00f3w, kt\u00f3ry mo\u017cna powi\u0119kszy\u0107 do 1360 dm<sup>3<\/sup>. Toledo wype\u0142nia\u0142o luk\u0119 pomi\u0119dzy Jett\u0105 a Passatem co w praktyce mia\u0142o oznacza\u0107 aspiracje do segmentu D. Najlepsze oczywi\u015bcie z TDI oraz 16 &#8211; zaworowymi silnikami o poj. 1.8 i 2.0 dm<sup>3\u00a0<\/sup>a do tego niska masa w\u0142asna. Auto doczeka\u0142o si\u0119 kilkunastu chi\u0144skich &#8222;klon\u00f3w&#8221;.<\/p>\n<p style=\"text-align: center;\"><strong>Seat Toledo 1<\/strong><\/p>\n<p><a href=\"https:\/\/www.historiazkolemwtle.cal24.pl\/Blog\/wp-content\/uploads\/2018\/05\/toledo-1.jpg\"><img loading=\"lazy\" decoding=\"async\" class=\"aligncenter wp-image-6192\" src=\"https:\/\/www.historiazkolemwtle.cal24.pl\/Blog\/wp-content\/uploads\/2018\/05\/toledo-1-300x150.jpg\" alt=\"\" width=\"315\" height=\"158\" srcset=\"https:\/\/www.historiazkolemwtle.cal24.pl\/Blog\/wp-content\/uploads\/2018\/05\/toledo-1-300x150.jpg 300w, https:\/\/www.historiazkolemwtle.cal24.pl\/Blog\/wp-content\/uploads\/2018\/05\/toledo-1.jpg 600w\" sizes=\"(max-width: 315px) 100vw, 315px\" \/><\/a><\/p>\n<p style=\"text-align: center;\">\u0179r\u00f3d\u0142o: carspyshots.net<\/p>\n<p><strong>Jaki jest Golf 2?<\/strong><\/p>\n<p style=\"text-align: justify;\">Nuda na wiele sposob\u00f3w? Nie, to raczej spos\u00f3b na &#8222;&#8217;co\u015b&#8221; z niczego. Mo\u017ce by\u0107 tani lub drogi, szybki lub wolny. Mo\u017ce by\u0107 teren\u00f3wk\u0105 lub limuzyn\u0105 aspiruj\u0105c\u0105 do segmentu D. Nie musi by\u0107 oparty o sprawdzone rozwi\u0105zania, mo\u017ce testowa\u0107 wszelkie nowo\u015bci. Mo\u017ce by\u0107 szybkim dieslem lub 200 &#8211; konn\u0105 &#8222;rakiet\u0105&#8221;, kt\u00f3ra chce dor\u00f3wna\u0107 drogim samochodom wyczynowym. Niezale\u017cnie od aspiracji &#8211; Golf II zawsze jest praktyczny i mo\u017cna na niego liczy\u0107 &#8211; nawet po imprezie w wiejskiej remizie.<\/p>\n<p style=\"text-align: justify;\">Golf 2 to obiekt po\u017c\u0105dania Polak\u00f3w w pierwszych latach transformacji ustrojowej. Dla rodzin &#8211; oczywi\u015bcie diesel lub 1.8 z &#8222;gazem&#8221;, dla zamo\u017cniejszych klient\u00f3w GTI i Carat. Ten pierwszy w 2. generacji straci\u0142 na znaczeniu, gdy\u017c pojawi\u0142y si\u0119 mocniejsze silniki i to te s\u0105 dzi\u015b marzeniem kolekcjoner\u00f3w. Z tego powodu rozpi\u0119to\u015b\u0107 cen pomi\u0119dzy zadbanymi Golfami jest do dzi\u015b tak wielka &#8211; o ile zadbane Country kupimy w cenie zadbanego &#8222;pierwszego&#8221; Tiguana, o tyle &#8222;Limited Edition&#8221; jest dro\u017cszy ni\u017c obecna wersja R.<\/p>\n<p style=\"text-align: justify;\">Corrado i Toledo obrazuj\u0105 jak wielkie modyfikacje mo\u017ce przej\u015b\u0107 Golf. Funkcjonalne sportowe coupe z &#8222;bajerami&#8221; lub rodzinny, funkcjonalny model w cenie, za kt\u00f3r\u0105 w\u00f3wczas nie mo\u017cna by\u0142o kupi\u0107 nic wi\u0119kszego. Oba modele to pocz\u0105tek &#8222;platformers\u00f3w&#8221; &#8211; wielu samochod\u00f3w na tym samym podwoziu. Historia pokaza\u0142a, \u017ce to najlepsza decyzja i oszcz\u0119dno\u015bci dla producenta i dla klient\u00f3w. U progu XXI wieku w\u0142adze VW zrozumia\u0142y, \u017ce taki spos\u00f3b projektowania to konieczno\u015b\u0107 &#8211; Skody, Audi i Seaty na zewn\u0105trz a pod spodem &#8230;?<\/p>\n<p style=\"text-align: justify;\"><strong>Od Golfa trzeciej generacji oczekiwano, \u017ce b\u0119dzie najwa\u017cniejszym modelem w ca\u0142ej gamie<\/strong>. Mia\u0142 by\u0107 wszechstronny jak poprzednicy. W tej generacji wreszcie zadebiutowa\u0142 nowy kabriolet oraz oczekiwane przez klient\u00f3w kombi. Najwi\u0119ksza zmiana pod mask\u0105 &#8211; TDI czyli &#8222;naprawd\u0119 szybki diesel&#8221; oraz 6 &#8211; cylindrowe silniki, kt\u00f3rych nie mia\u0142 \u017caden konkurent. Po co? Dlatego, \u017ce po klienci chc\u0105 4 &#8211; metrowego samochodu luksusowego opartego o sprawdzone cz\u0119\u015bci a tego nie dostan\u0105 u W\u0142och\u00f3w, Francuz\u00f3w czy Brytyjczyk\u00f3w. Audi te\u017c im tego nie da. Co stanowi o wyj\u0105tkowo\u015bci Golfa 3? M.in. to.<\/p>\n<p style=\"text-align: justify;\"><strong>Golf 3 Kombi (1991)<\/strong> &#8211; wreszcie. Ile mo\u017cna czeka\u0107? W latach 80-tych ka\u017cdy konkurent Golfa by\u0142 dost\u0119pny w tym nadwoziu, ale w\u0142adze VW nie my\u015bla\u0142y o tak uniwersalnej odmianie nadwozia. Rodziny mog\u0142y kupi\u0107 Jett\u0119, rolnicy i rzemie\u015blnicy &#8211; Caddy. Kombi mia\u0142o \u0142adowno\u015b\u0107 500 kg a powierzchnia baga\u017cnika po z\u0142o\u017ceniu kanapy wynosi\u0142a przyzwoite 1426 dm<sup>3<\/sup>. Wielki sukces rynkowy VW, kt\u00f3ry zosta\u0142 powielony w kolejnych generacjach, przy czym w czwartej dost\u0119pny by\u0142 jako dwa (!) osobne modele.<\/p>\n<p style=\"text-align: center;\"><strong>Golf 3 kombi TDI Syncro<\/strong><\/p>\n<p><a href=\"https:\/\/www.historiazkolemwtle.cal24.pl\/Blog\/wp-content\/uploads\/2018\/05\/pp_600x340.jpg\"><img loading=\"lazy\" decoding=\"async\" class=\"aligncenter wp-image-6194\" src=\"https:\/\/www.historiazkolemwtle.cal24.pl\/Blog\/wp-content\/uploads\/2018\/05\/pp_600x340-300x162.jpg\" alt=\"\" width=\"315\" height=\"170\" srcset=\"https:\/\/www.historiazkolemwtle.cal24.pl\/Blog\/wp-content\/uploads\/2018\/05\/pp_600x340-300x162.jpg 300w, https:\/\/www.historiazkolemwtle.cal24.pl\/Blog\/wp-content\/uploads\/2018\/05\/pp_600x340.jpg 600w\" sizes=\"(max-width: 315px) 100vw, 315px\" \/><\/a><\/p>\n<p style=\"text-align: center;\">\u0179r\u00f3d\u0142o: similarcar.com<\/p>\n<p style=\"text-align: justify;\"><strong>VW Vento (1991)<\/strong> &#8211; nowa Jetta z now\u0105 nazw\u0105 dla bardziej wymagaj\u0105cego klienta, czyli w sam raz dla Policji. Niewiele mniejsze od Passata, dost\u0119pne nawet z 6 &#8211; cylindrowym silnikiem i oczywi\u015bcie z TDI. Ilo\u015b\u0107 dost\u0119pnych konfiguracji jak w ka\u017cdym Golfie, czyli mo\u017cna kupi\u0107 &#8222;golasa&#8221; jak i dwukrotnie dro\u017csz\u0105 &#8222;full opcj\u0119&#8221;. Niezale\u017cnie od konfiguracji zawsze 550 &#8211; litrowy baga\u017cnik, najwi\u0119kszy w tej klasie. Co ciekawe, Vento jest minimalnie szersze od Golfa (w zale\u017cno\u015bci od wersji do 4 cm). Najpopularniejszy polski policyjny youngtimer.<\/p>\n<p style=\"text-align: center;\"><strong>Wys\u0142u\u017cony polski radiow\u00f3z<\/strong><\/p>\n<p><a href=\"https:\/\/www.historiazkolemwtle.cal24.pl\/Blog\/wp-content\/uploads\/2018\/05\/Vento_2.jpg\"><img loading=\"lazy\" decoding=\"async\" class=\"aligncenter wp-image-6195\" src=\"https:\/\/www.historiazkolemwtle.cal24.pl\/Blog\/wp-content\/uploads\/2018\/05\/Vento_2-300x170.jpg\" alt=\"\" width=\"315\" height=\"178\" srcset=\"https:\/\/www.historiazkolemwtle.cal24.pl\/Blog\/wp-content\/uploads\/2018\/05\/Vento_2-300x170.jpg 300w, https:\/\/www.historiazkolemwtle.cal24.pl\/Blog\/wp-content\/uploads\/2018\/05\/Vento_2-768x434.jpg 768w, https:\/\/www.historiazkolemwtle.cal24.pl\/Blog\/wp-content\/uploads\/2018\/05\/Vento_2.jpg 1000w\" sizes=\"(max-width: 315px) 100vw, 315px\" \/><\/a><\/p>\n<p style=\"text-align: center;\">\u0179r\u00f3d\u0142o: czerwonesamochody.com<\/p>\n<p style=\"text-align: justify;\"><strong>Golf 3 A59 (1992)<\/strong> &#8211; mocny i szybki Golf nap\u0119dzany 2 &#8211; litrowym silnikiem z do\u0142adowaniem o mocy 275 KM. Moment obrotowy o warto\u015bci 370 Nm i wyrzucone wszystko, co niepotrzebne na trasie rajdu. Tak dok\u0142adnie, to jest prototyp rajdowego Golfa. Co to oznacza? Nap\u0119d na wszystkie ko\u0142a, nisk\u0105 mas\u0119 w\u0142asn\u0105, kr\u00f3tk\u0105 skrzyni\u0119 bieg\u00f3w i oko\u0142o 4,5 sekundy do &#8222;setki&#8221;. Powsta\u0142y tylko dwie sztuki a dla klienta, kt\u00f3ry chcia\u0142 je\u017adzi\u0107 mocnym Golfem pozosta\u0142y jedynie wersje z 6 &#8211; cylindrowym silnikiem. Mo\u017ce to dobre rozwi\u0105zanie &#8230;<\/p>\n<p style=\"text-align: center;\"><strong>Golf 3 A59<\/strong><\/p>\n<p><a href=\"https:\/\/www.historiazkolemwtle.cal24.pl\/Blog\/wp-content\/uploads\/2018\/05\/A59-main-image.jpg\"><img loading=\"lazy\" decoding=\"async\" class=\"aligncenter wp-image-6196\" src=\"https:\/\/www.historiazkolemwtle.cal24.pl\/Blog\/wp-content\/uploads\/2018\/05\/A59-main-image-300x155.jpg\" alt=\"\" width=\"315\" height=\"163\" srcset=\"https:\/\/www.historiazkolemwtle.cal24.pl\/Blog\/wp-content\/uploads\/2018\/05\/A59-main-image-300x155.jpg 300w, https:\/\/www.historiazkolemwtle.cal24.pl\/Blog\/wp-content\/uploads\/2018\/05\/A59-main-image.jpg 690w\" sizes=\"(max-width: 315px) 100vw, 315px\" \/><\/a><\/p>\n<p style=\"text-align: center;\">\u0179r\u00f3d\u0142o: VW Heritage<\/p>\n<p style=\"text-align: justify;\"><strong>Golf 3 VR6 (1992)<\/strong> &#8211; du\u017cy silnik w Golfie? Pr\u00f3bowano &#8222;uturbi\u0107&#8221; silnik z odmiany GTI, ale stwierdzono, \u017ce 6 &#8211; cylindrowy silnik to lepsze rozwi\u0105zanie. Fakt, \u017ce z trudem zmie\u015bci\u0142 si\u0119 pod mask\u0105, ale w zamian za to stworzy\u0142 nisz\u0119 dla luksusowych kompakt\u00f3w. Silniki o poj. 2.8 i 2.9 dm<sup>3<\/sup>\u00a0r\u00f3\u017cni\u0142o 16 KM i mo\u017cliwo\u015b\u0107 wyst\u0119powania z nap\u0119dem 4&#215;4. Co ciekawe, mniejsza odmiana dysponowa\u0142a momentem obrotowym por\u00f3wnywalnym ze 112 &#8211; konnym TDI. Ta wersja by\u0142a o 1,5 sekundy szybsza od 16 &#8211; zaworowego GTI.<\/p>\n<p style=\"text-align: center;\"><strong>Golf 3 VR6<\/strong><\/p>\n<p><a href=\"https:\/\/www.historiazkolemwtle.cal24.pl\/Blog\/wp-content\/uploads\/2018\/05\/vw-golf-3-01.jpg\"><img loading=\"lazy\" decoding=\"async\" class=\"size-medium wp-image-6197 aligncenter\" src=\"https:\/\/www.historiazkolemwtle.cal24.pl\/Blog\/wp-content\/uploads\/2018\/05\/vw-golf-3-01-300x225.jpg\" alt=\"\" width=\"300\" height=\"225\" srcset=\"https:\/\/www.historiazkolemwtle.cal24.pl\/Blog\/wp-content\/uploads\/2018\/05\/vw-golf-3-01-300x225.jpg 300w, https:\/\/www.historiazkolemwtle.cal24.pl\/Blog\/wp-content\/uploads\/2018\/05\/vw-golf-3-01-768x576.jpg 768w, https:\/\/www.historiazkolemwtle.cal24.pl\/Blog\/wp-content\/uploads\/2018\/05\/vw-golf-3-01-1024x768.jpg 1024w, https:\/\/www.historiazkolemwtle.cal24.pl\/Blog\/wp-content\/uploads\/2018\/05\/vw-golf-3-01-1170x878.jpg 1170w, https:\/\/www.historiazkolemwtle.cal24.pl\/Blog\/wp-content\/uploads\/2018\/05\/vw-golf-3-01.jpg 1600w\" sizes=\"(max-width: 300px) 100vw, 300px\" \/><\/a><\/p>\n<p style=\"text-align: center;\">\u0179r\u00f3d\u0142o: wykop.pl<\/p>\n<p style=\"text-align: justify;\"><strong>Golf 3 TDI (1993)<\/strong> &#8211; pierwsze diesle w trzeciej generacji nie grzeszy\u0142y moc\u0105. Pierwsze 90-konne TDI to wielki krok dla VW. Prosta konstrukcja, niskie spalanie i moment obrotowy 202 Nm osi\u0105galny dla dwukrotnie mocniejszych jednostek benzynowych. W ostatnich dw\u00f3ch latach produkcji wzmocniony do 112 KM, co jeszcze poprawi\u0142o i tak dobre osi\u0105gi. Dzi\u015b to symbol trwa\u0142o\u015bci i niezawodno\u015bci, troch\u0119 na wyrost, ale prostota tej konstrukcji wygra\u0142a z innymi, bardziej skomplikowanymi rozwi\u0105zaniami konkurencji.<\/p>\n<p style=\"text-align: center;\"><strong>Ka\u017cdy wie co to jest &#8230;<\/strong><\/p>\n<p><a href=\"https:\/\/www.historiazkolemwtle.cal24.pl\/Blog\/wp-content\/uploads\/2018\/05\/67_1262803514.jpg\"><img loading=\"lazy\" decoding=\"async\" class=\"size-medium wp-image-6198 aligncenter\" src=\"https:\/\/www.historiazkolemwtle.cal24.pl\/Blog\/wp-content\/uploads\/2018\/05\/67_1262803514-300x225.jpg\" alt=\"\" width=\"300\" height=\"225\" srcset=\"https:\/\/www.historiazkolemwtle.cal24.pl\/Blog\/wp-content\/uploads\/2018\/05\/67_1262803514-300x225.jpg 300w, https:\/\/www.historiazkolemwtle.cal24.pl\/Blog\/wp-content\/uploads\/2018\/05\/67_1262803514-768x576.jpg 768w, https:\/\/www.historiazkolemwtle.cal24.pl\/Blog\/wp-content\/uploads\/2018\/05\/67_1262803514.jpg 1024w\" sizes=\"(max-width: 300px) 100vw, 300px\" \/><\/a><\/p>\n<p style=\"text-align: center;\">\u0179r\u00f3d\u0142o: elektroda.pl<\/p>\n<p style=\"text-align: justify;\"><strong>Golf 3 TDI Syncro Cabrio (1993)\u00a0<\/strong>&#8211; w\u0142adze VW nie maj\u0105 fantazji? Kompaktowy kabriolet z mi\u0119kkim dachem nap\u0119dzany 90-konnym dieslem i wyposa\u017cony w nap\u0119d na wszystkie ko\u0142a. Po co? To g\u0142\u00f3wnie dla mieszka\u0144c\u00f3w alpejskich miejscowo\u015bci, kt\u00f3rzy chc\u0105 korzysta\u0107 ze s\u0142o\u0144ca a nie chc\u0105 kupi\u0107 &#8222;kr\u00f3tkiego&#8221; Pajero czy Landcruisera bo nie wybieraj\u0105 si\u0119 w wysokie partie g\u00f3r. Okaz niezwykle rzadki i o rosn\u0105cej warto\u015bci kolekcjonerskiej. Na tak szalony pomys\u0142 nie wpadli nawet Francuzi (jeszcze&#8230;).<\/p>\n<p style=\"text-align: center;\"><strong>Maksimum absurdu &#8211; kabriolet, diesel, 4&#215;4 i nie &#8222;teren\u00f3wka&#8221;<\/strong><\/p>\n<p><a href=\"https:\/\/www.historiazkolemwtle.cal24.pl\/Blog\/wp-content\/uploads\/2018\/05\/S7-modele-volkswagen-golf-3-cabriolet.jpg\"><img loading=\"lazy\" decoding=\"async\" class=\"aligncenter wp-image-6199 size-medium\" src=\"https:\/\/www.historiazkolemwtle.cal24.pl\/Blog\/wp-content\/uploads\/2018\/05\/S7-modele-volkswagen-golf-3-cabriolet-300x225.jpg\" alt=\"\" width=\"300\" height=\"225\" srcset=\"https:\/\/www.historiazkolemwtle.cal24.pl\/Blog\/wp-content\/uploads\/2018\/05\/S7-modele-volkswagen-golf-3-cabriolet-300x225.jpg 300w, https:\/\/www.historiazkolemwtle.cal24.pl\/Blog\/wp-content\/uploads\/2018\/05\/S7-modele-volkswagen-golf-3-cabriolet.jpg 600w\" sizes=\"(max-width: 300px) 100vw, 300px\" \/><\/a><\/p>\n<p style=\"text-align: center;\">\u0179r\u00f3d\u0142o: caradisiac.com<\/p>\n<p style=\"text-align: justify;\"><strong>Golf 3 Jacobs Kroenung Edition (1995)<\/strong> &#8211; maksimum absurdu wersji specjalnych. Powsta\u0142 w liczbie 100 sztuk dla uczczenia rocznicy producenta kawy. Odmiana oparta o wyposa\u017cenie wersji GT i nap\u0119dzana silnikiem o poj. 1.8 dm<sup>3<\/sup>\u00a0i mocy 90 KM. To najlepszy przyk\u0142ad tego w jaki spos\u00f3b promowano Golfa trzeciej generacji &#8211; ilo\u015b\u0107 odmian limitowanych przekroczy\u0142a granice rozs\u0105dku &#8211; oferowano ich &#8230; ponad 50. Do tego dochodzi 10 &#8222;standardowych&#8221; wersji wyposa\u017cenia, kilkana\u015bcie silnik\u00f3w i 4 rodzaje nadwozia. Ob\u0142\u0119d!<\/p>\n<p style=\"text-align: center;\"><strong>Kadr z reklamy VW<\/strong><\/p>\n<p><a href=\"https:\/\/www.historiazkolemwtle.cal24.pl\/Blog\/wp-content\/uploads\/2018\/05\/hqdefault-1.jpg\"><img loading=\"lazy\" decoding=\"async\" class=\"size-medium wp-image-6200 aligncenter\" src=\"https:\/\/www.historiazkolemwtle.cal24.pl\/Blog\/wp-content\/uploads\/2018\/05\/hqdefault-1-300x225.jpg\" alt=\"\" width=\"300\" height=\"225\" srcset=\"https:\/\/www.historiazkolemwtle.cal24.pl\/Blog\/wp-content\/uploads\/2018\/05\/hqdefault-1-300x225.jpg 300w, https:\/\/www.historiazkolemwtle.cal24.pl\/Blog\/wp-content\/uploads\/2018\/05\/hqdefault-1.jpg 480w\" sizes=\"(max-width: 300px) 100vw, 300px\" \/><\/a><\/p>\n<p style=\"text-align: center;\">\u0179r\u00f3d\u0142o: VW\/Yountube<\/p>\n<p style=\"text-align: justify;\"><strong>Golf 3 1.9 SDI (1995)<\/strong> &#8211; 64 KM i 17,6 sekundy do &#8222;setki&#8221;. Tak, nie jest to demon pr\u0119dko\u015bci, ale ma bezpo\u015bredni wtrysk. To nowo\u015b\u0107 w silnikach wysokopr\u0119\u017cnych o ma\u0142ej pojemno\u015bci. To &#8222;w\u00f3\u0142 roboczy&#8221; &#8211; trwa\u0142y i oszcz\u0119dny. Tylko w mie\u015bcie nie gardzi paliwem, na trasie zu\u017cywa poni\u017cej 5 litr\u00f3w na 100 km. Jest ci\u0119\u017cszy od najl\u017cejszego Golfa 3 o prawie 200 kg, ale dzielnie d\u017awiga sw\u00f3j ci\u0119\u017car i przyczepy. Dlaczego? Bo jest stworzony do pracy i milion kilometr\u00f3w przebiegu to dla niego przys\u0142owiowy &#8222;piku\u015b&#8221;. Po prostu jest niezniszczalny.<\/p>\n<p style=\"text-align: center;\"><strong>SDI &#8211; &#8222;silnik marze\u0144&#8221;<\/strong><\/p>\n<p><a href=\"https:\/\/www.historiazkolemwtle.cal24.pl\/Blog\/wp-content\/uploads\/2018\/05\/vw-golf-3-19-sdi-skrzynia-biegow-zary-479229755.jpg\"><img loading=\"lazy\" decoding=\"async\" class=\"wp-image-6201 aligncenter\" src=\"https:\/\/www.historiazkolemwtle.cal24.pl\/Blog\/wp-content\/uploads\/2018\/05\/vw-golf-3-19-sdi-skrzynia-biegow-zary-479229755-300x169.jpg\" alt=\"\" width=\"312\" height=\"176\" srcset=\"https:\/\/www.historiazkolemwtle.cal24.pl\/Blog\/wp-content\/uploads\/2018\/05\/vw-golf-3-19-sdi-skrzynia-biegow-zary-479229755-300x169.jpg 300w, https:\/\/www.historiazkolemwtle.cal24.pl\/Blog\/wp-content\/uploads\/2018\/05\/vw-golf-3-19-sdi-skrzynia-biegow-zary-479229755-768x432.jpg 768w, https:\/\/www.historiazkolemwtle.cal24.pl\/Blog\/wp-content\/uploads\/2018\/05\/vw-golf-3-19-sdi-skrzynia-biegow-zary-479229755.jpg 960w\" sizes=\"(max-width: 312px) 100vw, 312px\" \/><\/a><\/p>\n<p style=\"text-align: center;\">\u0179r\u00f3d\u0142o: sprzedajemy.pl<\/p>\n<p style=\"text-align: justify;\"><strong>Golf 3 GTI 20 Jahre Edition (1996)<\/strong> &#8211; GTI z 2- litrowym, 150 &#8211; konnym silnikiem na 20-lecie serii. To 8,7 sekundy do &#8222;setki&#8221; i 215 km\/h, ale to nie jest najwa\u017cniejsze. Wa\u017cne s\u0105: czerwone nici na obszyciach foteli i kierownicy, aluminiowa &#8222;pi\u0142ka&#8221; do zmiany bieg\u00f3w (dlaczego &#8222;pi\u0142ka? wyja\u015bnienie w cz\u0119\u015bci pierwszej), Climatronic (w opcji) i du\u017ce, 16 &#8211; calowe ko\u0142a. Po raz pierwszy, jeszcze jako opcja, mo\u017cna dokupi\u0107 dwie boczne poduszki powietrzne. To chyba najlepszy spos\u00f3b na uczczenie dwudziestych urodzin Golfa GTI.<\/p>\n<p style=\"text-align: center;\"><strong>Golf 3 GTI 20 Jahre Edition<\/strong><\/p>\n<p><a href=\"https:\/\/www.historiazkolemwtle.cal24.pl\/Blog\/wp-content\/uploads\/2018\/05\/vw_golf_3_volkswagen_1426448484_by_juzekSjz.jpg\"><img loading=\"lazy\" decoding=\"async\" class=\"aligncenter wp-image-6203\" src=\"https:\/\/www.historiazkolemwtle.cal24.pl\/Blog\/wp-content\/uploads\/2018\/05\/vw_golf_3_volkswagen_1426448484_by_juzekSjz-300x225.jpg\" alt=\"\" width=\"310\" height=\"233\" srcset=\"https:\/\/www.historiazkolemwtle.cal24.pl\/Blog\/wp-content\/uploads\/2018\/05\/vw_golf_3_volkswagen_1426448484_by_juzekSjz-300x225.jpg 300w, https:\/\/www.historiazkolemwtle.cal24.pl\/Blog\/wp-content\/uploads\/2018\/05\/vw_golf_3_volkswagen_1426448484_by_juzekSjz.jpg 700w\" sizes=\"(max-width: 310px) 100vw, 310px\" \/><\/a><\/p>\n<p style=\"text-align: center;\">\u0179r\u00f3d\u0142o: MotoKiller<\/p>\n<p style=\"text-align: justify;\"><strong>Golf 4 Cabrio (1998)<\/strong> &#8211; Golfa 2. generacji w tym nadwoziu oficjalnie nie by\u0142o, gdy\u017c &#8222;jedynka&#8221; przesz\u0142a jedynie drobne zmiany i pozostawa\u0142a w produkcji r\u00f3wnolegle z nast\u0119pc\u0105 w &#8222;zwyk\u0142ej&#8221; karoserii. Z &#8222;czw\u00f3rk\u0105&#8221; by\u0142o podobnie, cho\u0107 zastosowano wi\u0119cej element\u00f3w z nowego modelu &#8211; pas przedni i deska rozdzielcza pochodzi\u0142a z nowego modelu, ale reszta to &#8222;tr\u00f3jka&#8221;. W produkcji pozosta\u0142 do 2003 roku, w kt\u00f3rym pojawi\u0142 si\u0119 model Eos, po raz pierwszy ze sk\u0142adanym metalowym dachem. Nazwa potoczna &#8211; &#8222;Golf 3,5&#8221;.<\/p>\n<p style=\"text-align: center;\"><strong>Golf 4 Cabrio<\/strong><\/p>\n<p><a href=\"https:\/\/www.historiazkolemwtle.cal24.pl\/Blog\/wp-content\/uploads\/2018\/05\/VW_Golf_IV_Cabrio_front_20080106.jpg\"><img loading=\"lazy\" decoding=\"async\" class=\"aligncenter wp-image-6204\" src=\"https:\/\/www.historiazkolemwtle.cal24.pl\/Blog\/wp-content\/uploads\/2018\/05\/VW_Golf_IV_Cabrio_front_20080106-300x181.jpg\" alt=\"\" width=\"310\" height=\"187\" srcset=\"https:\/\/www.historiazkolemwtle.cal24.pl\/Blog\/wp-content\/uploads\/2018\/05\/VW_Golf_IV_Cabrio_front_20080106-300x181.jpg 300w, https:\/\/www.historiazkolemwtle.cal24.pl\/Blog\/wp-content\/uploads\/2018\/05\/VW_Golf_IV_Cabrio_front_20080106-768x464.jpg 768w, https:\/\/www.historiazkolemwtle.cal24.pl\/Blog\/wp-content\/uploads\/2018\/05\/VW_Golf_IV_Cabrio_front_20080106-1024x619.jpg 1024w, https:\/\/www.historiazkolemwtle.cal24.pl\/Blog\/wp-content\/uploads\/2018\/05\/VW_Golf_IV_Cabrio_front_20080106-1170x707.jpg 1170w, https:\/\/www.historiazkolemwtle.cal24.pl\/Blog\/wp-content\/uploads\/2018\/05\/VW_Golf_IV_Cabrio_front_20080106.jpg 2025w\" sizes=\"(max-width: 310px) 100vw, 310px\" \/><\/a><\/p>\n<p style=\"text-align: center;\">\u0179r\u00f3d\u0142o: Wikimedia<\/p>\n<p><strong>Jaki jest Golf 3?<\/strong><\/p>\n<p style=\"text-align: justify;\">Wi\u0119kszy i ci\u0119\u017cszy od poprzednika. Wreszcie ma wyposa\u017cenie z dziedziny bezpiecze\u0144stwa. To konstrukcja sp\u00f3jna i jednocze\u015bnie pe\u0142na sprzeczno\u015bci. Doskonale prezentuje si\u0119 pod remiz\u0105 (1.6 z &#8222;gazem&#8221; lub TDI) lub pod oper\u0105 (VR6). Golf 3 nie szuka klienta, to klient szuka Golfa. Co wybiera? Co chce a wyb\u00f3r ma nieograniczony &#8211; fabryka zrobi takiego, jakiego chce. TDI Syncro Cabrio? M\u00f3wisz i masz? VR6 w &#8222;full opcji&#8221;? Ju\u017c gotowe. Wersja specjalna z okazji urodzin Twojego psa? Dlaczego nie &#8230; (to \u017cart, cho\u0107 nie nale\u017cy m\u00f3wi\u0107 &#8222;nie&#8221;).<\/p>\n<p style=\"text-align: justify;\">To przyk\u0142ad indywidualizacji posuni\u0119ty do granic absurdu. To technologiczna rewolucja posuni\u0119ta do granic mo\u017cliwo\u015bci VW. Wszystko w my\u015bl zasady &#8222;nasz klient, nasz Pan&#8221;, ale tylko dla w\u0142asnej marki. Seat i Audi chc\u0105 auto o podobnej wielko\u015bci, ale nie dostan\u0105 p\u0142yty pod\u0142ogowej. Ten Golf nie lubi si\u0119 dzieli\u0107, ale walczy z coraz mocniejsz\u0105 konkurencj\u0105, kt\u00f3ra w po\u0142owie lat 90-tych pr\u00f3buje prze\u015bcign\u0105\u0107 &#8222;prymusa&#8221;. (Nie)Stety konkurencja nie ma tylu lat do\u015bwiadczenia i tylu &#8230; pieni\u0119dzy co w\u0142adze Volkswagena.<\/p>\n<p style=\"text-align: justify;\">Tylko w\u0142adze VW wiedz\u0105 jak ogromne koszty poch\u0142on\u0105\u0142 ten projekt, ale ta inwestycja szybko si\u0119 zwr\u00f3ci\u0142a. Auto mia\u0142o wszystko, co potrzebne do osi\u0105gni\u0119cia sukcesu &#8211; renom\u0119, niezawodno\u015b\u0107, doskona\u0142o\u015b\u0107 techniczn\u0105, miliony (to nie przesada) mo\u017cliwo\u015bci konfiguracji i w zasadzie mog\u0142o wszystko. By\u0107 mo\u017ce dlatego inne marki koncernu upomnia\u0142y si\u0119 o dost\u0119p do tej technologii i wreszcie j\u0105 dosta\u0142y. Od kolejnej generacji Golf b\u0119dzie wsz\u0119dzie &#8211; pod wieloma karoseriami i znaczkami, ale o tym w nast\u0119pnej cz\u0119\u015bci.<\/p>\n<p style=\"text-align: right;\"><a href=\"https:\/\/www.historiazkolemwtle.cal24.pl\/Blog\/?p=6145\">Cz\u0119\u015b\u0107 pierwsza<\/a><\/p>\n<p style=\"text-align: right;\"><a href=\"https:\/\/www.historiazkolemwtle.cal24.pl\/Blog\/?p=6247\">Cz\u0119\u015b\u0107 trzecia<\/a><\/p>\n<p style=\"text-align: right;\"><a href=\"https:\/\/www.historiazkolemwtle.cal24.pl\/Blog\/?p=6280\">Cz\u0119\u015b\u0107 ostatnia<\/a><\/p>\n","protected":false},"excerpt":{"rendered":"<p>Druga generacja Golfa to ju\u017c nie projekt Giugiaro, ale rodowitego Niemca &#8211; Herberta Schafera. Golf ur\u00f3s\u0142 w ka\u017cdym kierunku i przyty\u0142. Zwi\u0119kszono kabin\u0119 i baga\u017cnik, kt\u00f3rego pojemno\u015b\u0107 wynosi\u0142a a\u017c 345 dm3. W wersji z nap\u0119dem na wszystkie ko\u0142a wynosi\u0142a dok\u0142adnie tyle, co u poprzednika &#8211; 260 dm3. Ta generacja pr\u00f3bowa\u0142a udowodni\u0107, \u017ce Golf mo\u017ce by\u0107\u2026 <span class=\"read-more\"><a href=\"https:\/\/www.historiazkolemwtle.cal24.pl\/Blog\/2018\/05\/30\/50-twarzy-golfa-czesc-druga-golf-mk-2-i-mk-3\/\">Dowiedz si\u0119 wi\u0119cej &raquo;<\/a><\/span><\/p>\n","protected":false},"author":1,"featured_media":6206,"comment_status":"closed","ping_status":"closed","sticky":false,"template":"","format":"standard","meta":{"footnotes":""},"categories":[7],"tags":[2155,2153,1485,1476,1484,1482,1483,1486],"class_list":["post-6173","post","type-post","status-publish","format-standard","has-post-thumbnail","hentry","category-na-luzie","tag-50shadesofgolf","tag-50-twarzy-golfa","tag-seat-toledo","tag-volkswagen","tag-vw-corrado","tag-vw-golf-2","tag-vw-golf-3","tag-vw-golf-3-vr6"],"rttpg_featured_image_url":{"full":["https:\/\/www.historiazkolemwtle.cal24.pl\/Blog\/wp-content\/uploads\/2018\/05\/vw-golf-3-01-1.jpg",320,240,false],"landscape":["https:\/\/www.historiazkolemwtle.cal24.pl\/Blog\/wp-content\/uploads\/2018\/05\/vw-golf-3-01-1.jpg",320,240,false],"portraits":["https:\/\/www.historiazkolemwtle.cal24.pl\/Blog\/wp-content\/uploads\/2018\/05\/vw-golf-3-01-1.jpg",320,240,false],"thumbnail":["https:\/\/www.historiazkolemwtle.cal24.pl\/Blog\/wp-content\/uploads\/2018\/05\/vw-golf-3-01-1-150x150.jpg",150,150,true],"medium":["https:\/\/www.historiazkolemwtle.cal24.pl\/Blog\/wp-content\/uploads\/2018\/05\/vw-golf-3-01-1-300x225.jpg",300,225,true],"large":["https:\/\/www.historiazkolemwtle.cal24.pl\/Blog\/wp-content\/uploads\/2018\/05\/vw-golf-3-01-1.jpg",320,240,false],"1536x1536":["https:\/\/www.historiazkolemwtle.cal24.pl\/Blog\/wp-content\/uploads\/2018\/05\/vw-golf-3-01-1.jpg",320,240,false],"2048x2048":["https:\/\/www.historiazkolemwtle.cal24.pl\/Blog\/wp-content\/uploads\/2018\/05\/vw-golf-3-01-1.jpg",320,240,false],"post-thumbnail":["https:\/\/www.historiazkolemwtle.cal24.pl\/Blog\/wp-content\/uploads\/2018\/05\/vw-golf-3-01-1.jpg",320,240,false],"excerpt-thumbnail":["https:\/\/www.historiazkolemwtle.cal24.pl\/Blog\/wp-content\/uploads\/2018\/05\/vw-golf-3-01-1.jpg",187,140,false],"excerpt-thumbnail-mobile":["https:\/\/www.historiazkolemwtle.cal24.pl\/Blog\/wp-content\/uploads\/2018\/05\/vw-golf-3-01-1.jpg",267,200,false]},"rttpg_author":{"display_name":"Zbigniew Kluczkowski","author_link":"https:\/\/www.historiazkolemwtle.cal24.pl\/Blog\/author\/admin\/"},"rttpg_comment":0,"rttpg_category":"<a href=\"https:\/\/www.historiazkolemwtle.cal24.pl\/Blog\/category\/na-luzie\/\" rel=\"category tag\">Na luzie<\/a>","rttpg_excerpt":"Druga generacja Golfa to ju\u017c nie projekt Giugiaro, ale rodowitego Niemca &#8211; Herberta Schafera. Golf ur\u00f3s\u0142 w ka\u017cdym kierunku i przyty\u0142. Zwi\u0119kszono kabin\u0119 i baga\u017cnik, kt\u00f3rego pojemno\u015b\u0107 wynosi\u0142a a\u017c 345 dm3. W wersji z nap\u0119dem na wszystkie ko\u0142a wynosi\u0142a dok\u0142adnie tyle, co u poprzednika &#8211; 260 dm3. Ta generacja pr\u00f3bowa\u0142a udowodni\u0107, \u017ce Golf mo\u017ce by\u0107\u2026&hellip;","_links":{"self":[{"href":"https:\/\/www.historiazkolemwtle.cal24.pl\/Blog\/wp-json\/wp\/v2\/posts\/6173","targetHints":{"allow":["GET"]}}],"collection":[{"href":"https:\/\/www.historiazkolemwtle.cal24.pl\/Blog\/wp-json\/wp\/v2\/posts"}],"about":[{"href":"https:\/\/www.historiazkolemwtle.cal24.pl\/Blog\/wp-json\/wp\/v2\/types\/post"}],"author":[{"embeddable":true,"href":"https:\/\/www.historiazkolemwtle.cal24.pl\/Blog\/wp-json\/wp\/v2\/users\/1"}],"replies":[{"embeddable":true,"href":"https:\/\/www.historiazkolemwtle.cal24.pl\/Blog\/wp-json\/wp\/v2\/comments?post=6173"}],"version-history":[{"count":18,"href":"https:\/\/www.historiazkolemwtle.cal24.pl\/Blog\/wp-json\/wp\/v2\/posts\/6173\/revisions"}],"predecessor-version":[{"id":12782,"href":"https:\/\/www.historiazkolemwtle.cal24.pl\/Blog\/wp-json\/wp\/v2\/posts\/6173\/revisions\/12782"}],"wp:featuredmedia":[{"embeddable":true,"href":"https:\/\/www.historiazkolemwtle.cal24.pl\/Blog\/wp-json\/wp\/v2\/media\/6206"}],"wp:attachment":[{"href":"https:\/\/www.historiazkolemwtle.cal24.pl\/Blog\/wp-json\/wp\/v2\/media?parent=6173"}],"wp:term":[{"taxonomy":"category","embeddable":true,"href":"https:\/\/www.historiazkolemwtle.cal24.pl\/Blog\/wp-json\/wp\/v2\/categories?post=6173"},{"taxonomy":"post_tag","embeddable":true,"href":"https:\/\/www.historiazkolemwtle.cal24.pl\/Blog\/wp-json\/wp\/v2\/tags?post=6173"}],"curies":[{"name":"wp","href":"https:\/\/api.w.org\/{rel}","templated":true}]}}