{"id":7931,"date":"2019-04-29T16:55:53","date_gmt":"2019-04-29T16:55:53","guid":{"rendered":"https:\/\/www.historiazkolemwtle.cal24.pl\/Blog\/?p=7931"},"modified":"2024-12-08T14:24:44","modified_gmt":"2024-12-08T13:24:44","slug":"srednio-i-nieoplacalnie-byle-oryginalnie","status":"publish","type":"post","link":"https:\/\/www.historiazkolemwtle.cal24.pl\/Blog\/2019\/04\/29\/srednio-i-nieoplacalnie-byle-oryginalnie\/","title":{"rendered":"\u015arednio i nieop\u0142acalnie, byle oryginalnie"},"content":{"rendered":"<p class=\"western\" lang=\"en-US\" style=\"text-align: justify;\">Tylko SUV-y i wszelkiego rodzaju &#8222;motoryzacyjne kundle&#8221; op\u0142aca si\u0119 produkowa\u0107 &#8211; tak od dekady my\u015bl\u0105 ksi\u0119gowi wielkich koncern\u00f3w. W ten oto spos\u00f3b rynek zape\u0142nia si\u0119 dziwnymi &#8222;tworami&#8221; &#8211; wysokimi pseudoteren\u00f3wkami z wielkimi ko\u0142ami, podwy\u017cszon\u0105 pod\u0142og\u0105 i plastikowymi os\u0142onami. Taki &#8222;tw\u00f3r marketingu&#8221; nie ma nap\u0119du na cztery ko\u0142a, k\u0105t natarcia i zej\u015bcia nie jest lepszy ni\u017c w sportowym roadsterze a ilo\u015b\u0107 miejsca jest mniejsza ni\u017c w normalnym MPV i wyra\u017anie kr\u00f3tsza ni\u017c w kombi.<\/p>\n<p class=\"western\" lang=\"en-US\" style=\"text-align: justify;\">Takie wynalazki s\u0105 zwykle o 20-30% dro\u017csze od normalnych odpowiednik\u00f3w, cho\u0107 ich produkcja jest dro\u017csza o 10-15% wzgl\u0119dem ni\u017cszego odpowiednika z tego samego segmentu. Tymczasem &#8230; cz\u0119sto s\u0105 one konstruowane w oparciu o platform\u0119 modelu mniejszego segmentu. To oznacza kolejne zyski. Cz\u0119\u015bci, cho\u0107 cz\u0119sto te same, s\u0105 dro\u017csze co przynosi producentom &#8230; kolejne zyski. Tymczasem z rynku powoli znika segment D i E, w segmencie C &#8222;kundle&#8221; to po\u0142owa sprzeda\u017cy a &#8222;SUV-o wirus&#8221; przenosi si\u0119 tak\u017ce do segmentu B.<\/p>\n<p class=\"western\" lang=\"en-US\" style=\"text-align: justify;\">Na szcz\u0119\u015bcie nie wszyscy klienci chc\u0105 tych &#8222;wynalazk\u00f3w&#8221;. Dowodem tego jest pe\u0142zaj\u0105cy renesans klasy \u015bredniej. Wszystko zacz\u0119\u0142o si\u0119 od sprzeciwu azjatyckich marek &#8211; Japo\u0144czycy i Korea\u0144czycy i ich linie modelowe Optima, i40, 6 i Stinger sprzedaj\u0105 si\u0119 na tyle dobrze, \u017ce planuje si\u0119 kolejne generacje. Nawet Toyota wprowadza Camry, kt\u00f3ra cz\u0119\u015bciowo wype\u0142ni luk\u0119 po przestarza\u0142ym Avensisie. Europejskie marki s\u0105 jak zwykle op\u00f3\u017anione i nieufne do powrotu do starych trend\u00f3w. Wed\u0142ug nich dotychczasowy klient musi zmieni\u0107 przyzwyczajenia.<\/p>\n<p lang=\"en-US\" style=\"text-align: center;\"><strong>&#8222;Kr\u00f3l&#8221; segmentu D<\/strong><\/p>\n<p lang=\"en-US\" style=\"text-align: center;\"><a href=\"https:\/\/www.historiazkolemwtle.cal24.pl\/Blog\/wp-content\/uploads\/2019\/04\/images_passat2.jpg\"><img fetchpriority=\"high\" decoding=\"async\" class=\"aligncenter wp-image-7939\" src=\"https:\/\/www.historiazkolemwtle.cal24.pl\/Blog\/wp-content\/uploads\/2019\/04\/images_passat2.jpg\" alt=\"\" width=\"330\" height=\"155\" srcset=\"https:\/\/www.historiazkolemwtle.cal24.pl\/Blog\/wp-content\/uploads\/2019\/04\/images_passat2.jpg 1000w, https:\/\/www.historiazkolemwtle.cal24.pl\/Blog\/wp-content\/uploads\/2019\/04\/images_passat2-300x141.jpg 300w, https:\/\/www.historiazkolemwtle.cal24.pl\/Blog\/wp-content\/uploads\/2019\/04\/images_passat2-768x361.jpg 768w\" sizes=\"(max-width: 330px) 100vw, 330px\" \/><\/a><\/p>\n<p lang=\"en-US\" style=\"text-align: center;\">\u0179r\u00f3d\u0142o: materia\u0142y prasowe VW<\/p>\n<p class=\"western\" lang=\"en-US\" style=\"text-align: justify;\">Nowe Insignia, Talisman i Mondeo to jedynie modernizacje produkt\u00f3w globalnych. Istniej\u0105 tylko dzi\u0119ki ci\u0119ciu koszt\u00f3w. PSA nie mia\u0142o takich mo\u017cliwo\u015bci i chcia\u0142o serie 508 i C5 zast\u0105pi\u0107 kolejnym &#8222;sruvem&#8221;. Tym razem nie uda\u0142o si\u0119. Klienci dali jasny sygna\u0142 &#8211; macie nam zrobi\u0107 &#8222;premium&#8221;, ale takie jak Audi a nie jak &#8222;dziadkow\u00f3z&#8221;. I zrobili wyceniaj\u0105c je dro\u017cej o 30% od &#8222;koncernowego kumpla&#8221; czyli Opla. Tak oto powsta\u0142o 508 &#8211; francuski A5 Sportback, na kt\u00f3rego trzeba czeka\u0107 bo klienci rzucili si\u0119 na niego jakby by\u0142 w cenie Dacii.<\/p>\n<p class=\"western\" lang=\"en-US\" style=\"text-align: justify;\">Tymczasem, pomimo kosmicznej ceny, jedynie najta\u0144sze egzemplarze bez \u015bwiec\u0105cych &#8222;k\u0142\u00f3w lwa&#8221; s\u0105 dost\u0119pne od r\u0119ki. Tym razem to najdro\u017csze wersje wymagaj\u0105 d\u0142ugiego oczekiwania na odbi\u00f3r, co jest rynkowym kuriozum na skal\u0119 europejsk\u0105. Cena 230 tys. z\u0142 za dwulitrowego diesla nie odstrasza tak jak pojemno\u015b\u0107 najmocniejszego 225 &#8211; konnego silnik. Kosmiczne wn\u0119trze, drzwi bez ramek i drewniane okleiny dla klient\u00f3w s\u0105 tyle warte. Ciekawe jak wyceniony b\u0119dzie nowy Citroen C5 lub DS klasy \u015bredniej?<\/p>\n<p class=\"western\" lang=\"en-US\" style=\"text-align: justify;\">Oby podobnie, lub nieco taniej. Zamiast nudy, kt\u00f3ra dobrze sprzedawa\u0142a si\u0119 latach 90-tych &#8211; ciekawe kszta\u0142ty w stylu retro lub nowoczesne, godne okre\u015blenia jako &#8222;premium&#8221;. To jest szansa dla nowej generacji w segmencie D. Podobnie jak kiedy\u015b dla SUV-\u00f3w, kt\u00f3re wywodz\u0105 si\u0119 z pozbawienia Jeepa z\u0142udze\u0144 o szybkim poruszaniu si\u0119 po mie\u015bcie. W takich warunkach sprawdzi si\u0119 &#8222;psudoteren\u00f3wka&#8221;. Ta jest po prostu atrakcyjna dla oka. Taki te\u017c powinien by\u0107 ka\u017cdy przedstawiciel klasy \u015bredniej. Czasem wystarczy wyr\u00f3\u017cni\u0107 si\u0119 z t\u0142umu, jak to zrobi\u0142 Nissan.<\/p>\n<p lang=\"en-US\" style=\"text-align: center;\"><strong>&#8222;Oryginalny Nissan&#8221;<\/strong><\/p>\n<p lang=\"en-US\" style=\"text-align: center;\"><a href=\"https:\/\/www.historiazkolemwtle.cal24.pl\/Blog\/wp-content\/uploads\/2019\/04\/Nissan-Primera-1-11298.jpg\"><img decoding=\"async\" class=\"aligncenter wp-image-7940\" src=\"https:\/\/www.historiazkolemwtle.cal24.pl\/Blog\/wp-content\/uploads\/2019\/04\/Nissan-Primera-1-11298.jpg\" alt=\"\" width=\"310\" height=\"233\" srcset=\"https:\/\/www.historiazkolemwtle.cal24.pl\/Blog\/wp-content\/uploads\/2019\/04\/Nissan-Primera-1-11298.jpg 1024w, https:\/\/www.historiazkolemwtle.cal24.pl\/Blog\/wp-content\/uploads\/2019\/04\/Nissan-Primera-1-11298-300x225.jpg 300w, https:\/\/www.historiazkolemwtle.cal24.pl\/Blog\/wp-content\/uploads\/2019\/04\/Nissan-Primera-1-11298-768x576.jpg 768w\" sizes=\"(max-width: 310px) 100vw, 310px\" \/><\/a><\/p>\n<p lang=\"en-US\" style=\"text-align: center;\">\u0179r\u00f3d\u0142o: materia\u0142y prasowe Nissana<\/p>\n<p lang=\"en-US\" style=\"text-align: justify;\">Pami\u0119tacie Primer\u0119 P12? Japo\u0144skie wcielenie Laguny by\u0142o zbyt nowoczesne na \u00f3wczesne czasy &#8211; centralny zestaw zegar\u00f3w, ostre linie nadwozia i nadmiar elektroniki wystraszy\u0142y klient\u00f3w. Tymczasem wystarczy\u0142o przerobi\u0107 drzwi na bezramkowe i &#8230; mamy awangard\u0119 w segmencie. O tym wtedy Nissan nie pomy\u015bla\u0142. Szkoda, \u017ce w czasach nudnego Passata nie by\u0142o niczego takiego w ofercie. Nisz\u0119 VW zdoby\u0142o dopiero prezentuj\u0105c Passata CC. By\u0142 on pr\u00f3b\u0105 przeniesienia linii drogiego CLS-a do trzykrotnie ta\u0144szej klasy pojazd\u00f3w.<\/p>\n<p lang=\"en-US\" style=\"text-align: justify;\">Istnieje stereotyp, \u017ce SUV-a kupuje rodzina a limuzyn\u0119 &#8230; tylko garstka przedstawicieli handlowych. Wiele w tym prawdy, ale od czas\u00f3w pude\u0142kowatych sedan\u00f3w min\u0119\u0142o ju\u017c niemal 30 lat i pora zerwa\u0107 z tymi kszta\u0142tami. Teraz liczy si\u0119 liftback ozdobiony na wz\u00f3r coupe. Nie musi by\u0107 wzorem funkcjonalno\u015bci. Ma mie\u0107 dobre osi\u0105gi, wyr\u00f3\u017cnia\u0107 si\u0119 od z masy podobnych konstrukcji i oferowa\u0107 wi\u0119kszo\u015b\u0107 dotychczasowych opcji w standardzie. Cena? Nie musi by\u0107 niska, ale musi by\u0107 uzasadniona wyposa\u017ceniem lub jako\u015bci\u0105 wykonania.<\/p>\n<p lang=\"en-US\" style=\"text-align: justify;\">Takiego &#8222;\u015bredniaka&#8221; kupi wielu klient\u00f3w. Ci, kt\u00f3rzy wybior\u0105 &#8222;pewniaka&#8221; czyli Passata na pewno nie dokonaj\u0105 z\u0142ego wyboru. Pozostali b\u0119d\u0105 szuka\u0107 &#8222;czego\u015b&#8221; wyj\u0105tkowego. Na pewno Citroen znajdzie wielu klient\u00f3w, kt\u00f3rzy zobacz\u0105 w nim powr\u00f3t do lat 50-tych. Peugeot i Opel r\u00f3wnie\u017c b\u0119d\u0105 popularne. Niemieckie i japo\u0144skie &#8222;premium&#8221; nam nie &#8222;zasuwiej\u0105&#8221;. Na to w\u0142a\u015bnie licz\u0105 klienci. Oni chc\u0105 by\u0107 &#8222;\u015bredniakami&#8221;, ale nie &#8222;przeci\u0119tniakami&#8221; &#8211; jedno z drugim nie ma kompletnie nic wsp\u00f3lnego. To jakby przyr\u00f3wna\u0107 posiadanie crossovera do &#8230; braku zdania.<\/p>\n<p lang=\"en-US\" style=\"text-align: justify;\">Tak, je\u017celi chcemy wszystkiego naraz to naprawd\u0119 nie wiemy czego chcemy. Tymczasem posiadaj\u0105c model ze zdefiniowanego segmentu uwa\u017camy si\u0119 za &#8222;konkretnych&#8221;. Oznacza to, \u017ce potrafimy podj\u0105\u0107 decyzj\u0119 i cho\u0107 wybieramy podobnie jak inni, to jednak nie do ko\u0144ca &#8211; to jakby do przygotowanego wcze\u015bniej dania wrzuci\u0107 &#8222;co\u015b od siebie&#8221;. Tak my\u015bl\u0105 klienci Peugeota i s\u0105 za to w stanie zap\u0142aci\u0107 ka\u017cde pieni\u0105dze. Oryginalno\u015b\u0107 ma swoj\u0105 cen\u0119 &#8211; to jedna z filozofii wyznawanych przez ksi\u0119gowych a oni na og\u00f3\u0142 &#8230; wiedz\u0105 co robi\u0105.<\/p>\n<p lang=\"en-US\" style=\"text-align: justify;\">Ko\u0144cz\u0105c ten pokr\u0119cony wyw\u00f3d nale\u017cy wspomnie\u0107, \u017ce &#8222;mid size&#8221; przez ostatnie lata by\u0142a podkradana przez rozrastaj\u0105cy si\u0119 segment C. Pomimo wielu przeciwno\u015bci jednak nie przewiduje si\u0119 rych\u0142ego ko\u0144ca tego segmentu. Prawie ka\u017cda litera pierwszej po\u0142owy alfabetu odpowiada wielko\u015bci pojazdu. Nie ma mowy o tym, \u017ceby brakowa\u0142o jednej z nich. Nie mo\u017cna jej zast\u0105pi\u0107 \u017cadn\u0105 inn\u0105 \u017ceby nie zmienia\u0107 uk\u0142adu znanego od wielu pokole\u0144. Peugeot jest jak nowa nadzieja, kt\u00f3ra zwiastuje nowe lepsze czasy. Jego litera &#8222;D&#8221; nie jest napisana zwyk\u0142\u0105 czcionk\u0105. Ramen.<\/p>\n<p lang=\"en-US\">\n","protected":false},"excerpt":{"rendered":"<p>Tylko SUV-y i wszelkiego rodzaju &#8222;motoryzacyjne kundle&#8221; op\u0142aca si\u0119 produkowa\u0107 &#8211; tak od dekady my\u015bl\u0105 ksi\u0119gowi wielkich koncern\u00f3w. W ten oto spos\u00f3b rynek zape\u0142nia si\u0119 dziwnymi &#8222;tworami&#8221; &#8211; wysokimi pseudoteren\u00f3wkami z wielkimi ko\u0142ami, podwy\u017cszon\u0105 pod\u0142og\u0105 i plastikowymi os\u0142onami. Taki &#8222;tw\u00f3r marketingu&#8221; nie ma nap\u0119du na cztery ko\u0142a, k\u0105t natarcia i zej\u015bcia nie jest lepszy ni\u017c\u2026 <span class=\"read-more\"><a href=\"https:\/\/www.historiazkolemwtle.cal24.pl\/Blog\/2019\/04\/29\/srednio-i-nieoplacalnie-byle-oryginalnie\/\">Dowiedz si\u0119 wi\u0119cej &raquo;<\/a><\/span><\/p>\n","protected":false},"author":1,"featured_media":7938,"comment_status":"closed","ping_status":"closed","sticky":false,"template":"","format":"standard","meta":{"footnotes":""},"categories":[3],"tags":[150,1779,1780,1778],"class_list":["post-7931","post","type-post","status-publish","format-standard","has-post-thumbnail","hentry","category-felietony","tag-crossover","tag-klasa-srednia","tag-peugeot-508","tag-segment-d"],"rttpg_featured_image_url":{"full":["https:\/\/www.historiazkolemwtle.cal24.pl\/Blog\/wp-content\/uploads\/2019\/04\/peugeot-508-gt-48-2975761fac5fc1.jpg",320,240,false],"landscape":["https:\/\/www.historiazkolemwtle.cal24.pl\/Blog\/wp-content\/uploads\/2019\/04\/peugeot-508-gt-48-2975761fac5fc1.jpg",320,240,false],"portraits":["https:\/\/www.historiazkolemwtle.cal24.pl\/Blog\/wp-content\/uploads\/2019\/04\/peugeot-508-gt-48-2975761fac5fc1.jpg",320,240,false],"thumbnail":["https:\/\/www.historiazkolemwtle.cal24.pl\/Blog\/wp-content\/uploads\/2019\/04\/peugeot-508-gt-48-2975761fac5fc1-150x150.jpg",150,150,true],"medium":["https:\/\/www.historiazkolemwtle.cal24.pl\/Blog\/wp-content\/uploads\/2019\/04\/peugeot-508-gt-48-2975761fac5fc1-300x225.jpg",300,225,true],"large":["https:\/\/www.historiazkolemwtle.cal24.pl\/Blog\/wp-content\/uploads\/2019\/04\/peugeot-508-gt-48-2975761fac5fc1.jpg",320,240,false],"1536x1536":["https:\/\/www.historiazkolemwtle.cal24.pl\/Blog\/wp-content\/uploads\/2019\/04\/peugeot-508-gt-48-2975761fac5fc1.jpg",320,240,false],"2048x2048":["https:\/\/www.historiazkolemwtle.cal24.pl\/Blog\/wp-content\/uploads\/2019\/04\/peugeot-508-gt-48-2975761fac5fc1.jpg",320,240,false],"post-thumbnail":["https:\/\/www.historiazkolemwtle.cal24.pl\/Blog\/wp-content\/uploads\/2019\/04\/peugeot-508-gt-48-2975761fac5fc1.jpg",320,240,false],"excerpt-thumbnail":["https:\/\/www.historiazkolemwtle.cal24.pl\/Blog\/wp-content\/uploads\/2019\/04\/peugeot-508-gt-48-2975761fac5fc1.jpg",187,140,false],"excerpt-thumbnail-mobile":["https:\/\/www.historiazkolemwtle.cal24.pl\/Blog\/wp-content\/uploads\/2019\/04\/peugeot-508-gt-48-2975761fac5fc1.jpg",267,200,false]},"rttpg_author":{"display_name":"Zbigniew Kluczkowski","author_link":"https:\/\/www.historiazkolemwtle.cal24.pl\/Blog\/author\/admin\/"},"rttpg_comment":0,"rttpg_category":"<a href=\"https:\/\/www.historiazkolemwtle.cal24.pl\/Blog\/category\/felietony\/\" rel=\"category tag\">Felietony<\/a>","rttpg_excerpt":"Tylko SUV-y i wszelkiego rodzaju &#8222;motoryzacyjne kundle&#8221; op\u0142aca si\u0119 produkowa\u0107 &#8211; tak od dekady my\u015bl\u0105 ksi\u0119gowi wielkich koncern\u00f3w. W ten oto spos\u00f3b rynek zape\u0142nia si\u0119 dziwnymi &#8222;tworami&#8221; &#8211; wysokimi pseudoteren\u00f3wkami z wielkimi ko\u0142ami, podwy\u017cszon\u0105 pod\u0142og\u0105 i plastikowymi os\u0142onami. Taki &#8222;tw\u00f3r marketingu&#8221; nie ma nap\u0119du na cztery ko\u0142a, k\u0105t natarcia i zej\u015bcia nie jest lepszy ni\u017c\u2026&hellip;","_links":{"self":[{"href":"https:\/\/www.historiazkolemwtle.cal24.pl\/Blog\/wp-json\/wp\/v2\/posts\/7931","targetHints":{"allow":["GET"]}}],"collection":[{"href":"https:\/\/www.historiazkolemwtle.cal24.pl\/Blog\/wp-json\/wp\/v2\/posts"}],"about":[{"href":"https:\/\/www.historiazkolemwtle.cal24.pl\/Blog\/wp-json\/wp\/v2\/types\/post"}],"author":[{"embeddable":true,"href":"https:\/\/www.historiazkolemwtle.cal24.pl\/Blog\/wp-json\/wp\/v2\/users\/1"}],"replies":[{"embeddable":true,"href":"https:\/\/www.historiazkolemwtle.cal24.pl\/Blog\/wp-json\/wp\/v2\/comments?post=7931"}],"version-history":[{"count":10,"href":"https:\/\/www.historiazkolemwtle.cal24.pl\/Blog\/wp-json\/wp\/v2\/posts\/7931\/revisions"}],"predecessor-version":[{"id":20771,"href":"https:\/\/www.historiazkolemwtle.cal24.pl\/Blog\/wp-json\/wp\/v2\/posts\/7931\/revisions\/20771"}],"wp:featuredmedia":[{"embeddable":true,"href":"https:\/\/www.historiazkolemwtle.cal24.pl\/Blog\/wp-json\/wp\/v2\/media\/7938"}],"wp:attachment":[{"href":"https:\/\/www.historiazkolemwtle.cal24.pl\/Blog\/wp-json\/wp\/v2\/media?parent=7931"}],"wp:term":[{"taxonomy":"category","embeddable":true,"href":"https:\/\/www.historiazkolemwtle.cal24.pl\/Blog\/wp-json\/wp\/v2\/categories?post=7931"},{"taxonomy":"post_tag","embeddable":true,"href":"https:\/\/www.historiazkolemwtle.cal24.pl\/Blog\/wp-json\/wp\/v2\/tags?post=7931"}],"curies":[{"name":"wp","href":"https:\/\/api.w.org\/{rel}","templated":true}]}}