{"id":2844,"count":1,"description":"","link":"https:\/\/www.historiazkolemwtle.cal24.pl\/Blog\/tag\/swieto-niepodleglosci\/","name":"\u015awi\u0119to Niepodleg\u0142o\u015bci","slug":"swieto-niepodleglosci","taxonomy":"post_tag","meta":[],"_links":{"self":[{"href":"https:\/\/www.historiazkolemwtle.cal24.pl\/Blog\/wp-json\/wp\/v2\/tags\/2844","targetHints":{"allow":["GET"]}}],"collection":[{"href":"https:\/\/www.historiazkolemwtle.cal24.pl\/Blog\/wp-json\/wp\/v2\/tags"}],"about":[{"href":"https:\/\/www.historiazkolemwtle.cal24.pl\/Blog\/wp-json\/wp\/v2\/taxonomies\/post_tag"}],"wp:post_type":[{"href":"https:\/\/www.historiazkolemwtle.cal24.pl\/Blog\/wp-json\/wp\/v2\/posts?tags=2844"}],"curies":[{"name":"wp","href":"https:\/\/api.w.org\/{rel}","templated":true}]}}